{"id":4461,"date":"2021-03-18T11:48:19","date_gmt":"2021-03-18T10:48:19","guid":{"rendered":"http:\/\/lacronicadesevilla.es\/?p=4461"},"modified":"2021-03-18T14:50:15","modified_gmt":"2021-03-18T13:50:15","slug":"santiago-posteguillo-entender-roma-nos-ayuda-a-entendernos-mejor","status":"publish","type":"post","link":"https:\/\/lacronicadesevilla.es\/index.php\/2021\/03\/18\/santiago-posteguillo-entender-roma-nos-ayuda-a-entendernos-mejor\/","title":{"rendered":"Santiago Posteguillo, autor de &#8216;Yo, Julia&#8217;: \u00abConocer la Roma antigua ayuda a entendernos mejor\u00bb"},"content":{"rendered":"<div id=\"attachment_4589\" style=\"width: 510px\" class=\"wp-caption alignright\"><a href=\"https:\/\/www.santiagoposteguillo.es\/2009\/06\/firmas-feria-madrid-2009\/\"><img loading=\"lazy\" decoding=\"async\" aria-describedby=\"caption-attachment-4589\" class=\"wp-image-4589 size-full\" src=\"http:\/\/lacronicadesevilla.es\/wp-content\/uploads\/2021\/03\/Santiago-Posteguillo-final.jpg\" alt=\"Santiago Posteguillo final\" width=\"500\" height=\"351\" srcset=\"https:\/\/lacronicadesevilla.es\/wp-content\/uploads\/2021\/03\/Santiago-Posteguillo-final.jpg 500w, https:\/\/lacronicadesevilla.es\/wp-content\/uploads\/2021\/03\/Santiago-Posteguillo-final-300x211.jpg 300w, https:\/\/lacronicadesevilla.es\/wp-content\/uploads\/2021\/03\/Santiago-Posteguillo-final-499x350.jpg 499w, https:\/\/lacronicadesevilla.es\/wp-content\/uploads\/2021\/03\/Santiago-Posteguillo-final-150x105.jpg 150w\" sizes=\"auto, (max-width: 500px) 100vw, 500px\" \/><\/a><p id=\"caption-attachment-4589\" class=\"wp-caption-text\">Posteguillo firmando libros en la Feria de Madrid<\/p><\/div>\n<p style=\"text-align: justify;\">Lorena RODR\u00cdGUEZ<\/p>\n<p style=\"text-align: justify;\">Un a\u00f1o despu\u00e9s de sacar a la venta la secuela del <strong>Premio Planeta \u2018Yo, Julia\u2019<\/strong>, el profesor de Literatura y escritor Santiago Posteguillo profundiza en esta\u00a0entrevista sobre su tr<span style=\"font-weight: 400;\">ayectoria como novelista. <\/span><\/p>\n<p style=\"text-align: justify;\"><!--more--><\/p>\n<p style=\"text-align: justify;\">Apasionado por la historia de Roma desde su infancia, estudi\u00f3 Filolog\u00eda Inglesa buscando un entorno laboral estable en el que poder escribir y desarrollar su talento. Actualmente, dedica su vida a partes iguales a la ense\u00f1anza universitaria y a la escritura.<b><br \/>\n<\/b><\/p>\n<p style=\"text-align: justify;\"><b>La mayor parte de su obra literaria est\u00e1 inspirada en la antigua Roma, \u00bfde <\/b><b>d\u00f3nde procede su fascinaci\u00f3n por esta cultura?<\/b><br \/>\n<span style=\"font-weight: 400;\">Es dif\u00edcil decirlo. Yo suelo comentar que cuando era ni\u00f1o hice un viaje con mis padres a Roma y<\/span><span style=\"font-weight: 400;\"> supongo q<\/span><span style=\"font-weight: 400;\">ue fue un momento agradable, es un sitio muy impactante cuando tienes seis a\u00f1os. Progresivamente, desarroll\u00e9 un inter\u00e9s tanto por narrar historias como por la propia historia en s\u00ed misma como disciplina. Y dentro de esta, Roma me parece particularmente relevante por ser la expresi\u00f3n de donde nosotros venimos. Yo creo que entender a Roma nos ayuda a entendernos mejor.<\/span><\/p>\n<p><b>Si tuviera una m\u00e1quina del tiempo y pudiera regresar a esa \u00e9poca, \u00bfqui\u00e9n le gustar\u00eda ser, y qui\u00e9n no?<\/b><br \/>\nHabr\u00eda que ser un poco precavido, y de volver a esa \u00e9poca habr\u00eda que volver en calidad de senador o de alguna persona con ciertas\u00a0comodidades en la vida. Digamos que las diferencias sociales eran muy marcadas y podr\u00eda ser muy problem\u00e1tico aparecer como gladiador en mitad del Anfiteatro Flavio o del Coliseo. Eso es muy bonito verlo desde el escenario o desde una pel\u00edcula, pero estar all\u00ed no debi\u00f3 de ser tan bonito.<\/p>\n<p><b>\u00bfEn qu\u00e9 hemos mejorado respecto a las antiguas civilizaciones, y en qu\u00e9 hemos involucionado?<\/b><br \/>\n<span style=\"font-weight: 400;\">Hemos mejorado en tecnolog\u00eda y en saber cient\u00edfico. C\u00f3mo cuento en \u2018Y Julia ret\u00f3 a los dioses\u2019,\u00a0<\/span><span style=\"font-weight: 400;\">los propios romanos se enfrentaron a pandemias terribles de virus horribles como el de la viruela, que es el que m\u00e1s muertes ha causado a lo largo de la historia de la humanidad. Y en mitad de una pandemia como la actual en apenas ocho meses la ciencia ha sido capaz de proporcionar una serie de vacunas que parece que pueden ser bastante eficaces. \u00bfD\u00f3nde hemos involucionado? En la poca preparaci\u00f3n de la clase pol\u00edtica actual a nivel regional, nacional, europeo e internacional. En ese sentido, hemos involucionado inmensamente.<\/span><\/p>\n<p style=\"text-align: justify;\"><b>\u00bfCu\u00e1l es su postura en el debate Grecia-Roma?<\/b><br \/>\n<span style=\"font-weight: 400;\">Bueno, es m\u00e1s complejo que decir solo Grecia o Roma. Sin duda alguna, los griego dejaron la semilla de lo que es nuestra civilizaci\u00f3n occidental y eso es un m\u00e9rito que tienen ellos y que no se lo puede quitar nadie. Ahora bien, yo siempre defiendo que sin la presencia de Roma esa semilla se habr\u00eda perdido. Es gracias a que en\u00a0el mundo romano hab\u00eda personas que ve\u00edan que aquello de Grecia era para ser preservado, y es por lo que nos ha llegado esa semilla. As\u00ed que es una combinaci\u00f3n de ambas.\u00a0<\/span><\/p>\n<p style=\"text-align: justify;\"><b> Adem\u00e1s de escritor, es usted profesor de Filolog\u00eda Inglesa en la Universidad Jaime I, \u00bfqu\u00e9 lo llev\u00f3 a especializarse en esta rama?<\/b><br \/>\n<span style=\"font-weight: 400;\">En aquel momento, a la hora de escoger, gust\u00e1ndome todas las tradiciones literarias, pens\u00e9 que quiz\u00e1s por el ingl\u00e9s podr\u00eda encontrar una salida profesional con m\u00e1s facilidad. Eso lo pongo hoy en cuesti\u00f3n porque el mundo va cambiando, y ahora no es tan f\u00e1cil colocarse desde la filolog\u00eda inglesa y menos f\u00e1cil desde la cl\u00e1sica, pero en aquel momento eso es lo que me llev\u00f3 a tomar la decisi\u00f3n. Tambi\u00e9n es verdad que eran unos planes de estudio muy diferentes a los actuales. Ahora tendemos a una hiperespecializaci\u00f3n; en cambio, en la \u00e9poca en la que yo estudiaba las filolog\u00edas ten\u00edan cinco a\u00f1os de duraci\u00f3n, de los cuales tres eran comunes. Esto, que alguien podr\u00eda pensar que era una p\u00e9rdida de tiempo, porque no me estaba especializando en la lengua inglesa, a la luz de los acontecimientos de mi vida lo vivo como \u201cQu\u00e9 bien que hice ese plan de estudios tan trasversal\u201d.<\/span><\/p>\n<p><b> \u00bfC\u00f3mo influyen y se relacionan entre s\u00ed sus clases y la literatura?<\/b><br \/>\n<span style=\"font-weight: 400;\">Interaccionan mucho porque, claro, yo no es que sea un profesor universitario de F\u00edsica o Qu\u00edmica o Ingenier\u00eda inform\u00e1tica, sino que soy profesor de Literatura. Lo que quiero decir es que mis asignaturas no est\u00e1n alejadas de mi otra actividad profesional, que es la escritura. De alguna forma, yo digo que mi vida es como una moneda, en una cara tengo la ense\u00f1anza de la literatura y en el otro lado tengo la creaci\u00f3n de mi propia literatura. Adicionalmente, explicar a otros autores que son grandes cl\u00e1sicos de la literatura, y tener que profundizar en ellos para explicar c\u00f3mo grandes creadores han creado grandes obras me da la esperanza de que algo de todo eso se plasme\u00a0en mis propias novelas.\u00a0<\/span><\/p>\n<blockquote>\n<h4><strong>Mi vida es como una moneda, en una cara ense\u00f1o<br \/>\nliteratura\u00a0y en la otra creo mi propia literatura<\/strong><\/h4>\n<\/blockquote>\n<p>&nbsp;<\/p>\n<p><b>\u00bfCu\u00e1les son los temas que m\u00e1s interesan a sus alumnos?<\/b><br \/>\nImparto\u00a0dos asignaturas optativas que las tengo normalmente llenas y suelen funcionar bien. En una lo que hago es explicar la interacci\u00f3n entre la literatura y otras artes, y suele tener bastante \u00e9xito entre los estudiantes la relaci\u00f3n entre la literatura y el cine. Podemos hablar de adaptaciones cinematogr\u00e1ficas de distintas obras, verlas pasadas al cine o la televisi\u00f3n y debatir hasta qu\u00e9 punto la adaptaci\u00f3n ha sido fiel o no. Y en la otra asignatura, que es literatura del mundo en lengua inglesa, les interesa ver esa perspectiva diferente sobre el mundo, diferente a la europea que es la nuestra. Cuando lees escritores africanos, del Caribe o de la India la perspectiva del mundo es distinta y yo creo que eso tambi\u00e9n les resulta atractivo.<\/p>\n<p><b> Su primera novela publicada fue <\/b><b><i>Africanus: el hijo del consul. <\/i><\/b><b>\u00bfQu\u00e9 le inspir\u00f3 a lanzarse al mundo de la literatura con esta novela en concreto?<\/b><br \/>\n<span style=\"font-weight: 400;\">Yo hab\u00eda escrito dos novelas cuando estaba estudiando en la universidad y las intent\u00e9 publicar sin \u00e9xito. Lo que hice fue no olvidarme de mi inter\u00e9s literario porque, entre otras cosas, fui a EEUU a estudiar literatura creativa, pero s\u00ed que lo dej\u00e9 un poco en suspenso. Es muy rom\u00e1ntica la figura del escritor sin dinero viviendo bajo un puente, pero como vida personal es bastante desagradable. Entonces pens\u00e9 en buscar una forma con la que ganarme la vida, me concentr\u00e9 en mi carrera hasta conseguir una situaci\u00f3n de estabilidad. A partir de entonces, decid\u00ed combinar mi actividad docente con volver a sacar de ese estado de suspenso a mi creaci\u00f3n literaria. Opt\u00e9 por combinar mi pasi\u00f3n por contar historias con mi otra pasi\u00f3n que es la historia de Roma y, al final, todo eso es lo que ha funcionado mejor.<\/span><\/p>\n<p><b> Hace tres a\u00f1os gan\u00f3 el Premio Planeta con el libro <\/b><b><i>Yo, Julia,\u00a0<\/i><\/b><b>\u00bfqu\u00e9 lo llev\u00f3 a darle un giro femenino a su bibliograf\u00eda?<\/b><br \/>\n<span style=\"font-weight: 400;\">Si alguien lee toda mi obra progresivamente se dar\u00e1 cuenta de que cada vez hay mayor presencia de personajes femeninos en mis novelas. Esto tiene lugar a partir de que despu\u00e9s de escribir <\/span><i><span style=\"font-weight: 400;\">Africanus<\/span><\/i><span style=\"font-weight: 400;\"> una compa\u00f1era de departamento me dijo que le hab\u00eda gustado la novela, pero que pensaba que mis personajes femeninos estaban poco desarrollados. La raz\u00f3n por la cual hab\u00eda ocurrido eso era porque yo, en un intento por ser muy fiel a las fuentes cl\u00e1sicas, no me hab\u00eda percatado de que son escritas por hombres, y los hombres normalmente han contado, no la historia de la humanidad, sino la historia de los hombres. Ya desde la segunda parte de la trilog\u00eda de Escipi\u00f3n en \u2018Las legiones malditas\u2019 incorporo m\u00e1s personajes hist\u00f3ricos femeninos. Vas viendo como cada vez estos personajes cobran m\u00e1s fuerza. Es una cosa pensada y progresiva, no de un d\u00eda para otro. Sin duda alguna, los escritores somos seres porosos, y\u00a0 yo no crezco como escritor en un vac\u00edo, sino en una sociedad donde se va despertando un inter\u00e9s por construir igualdad de g\u00e9nero en el presente y hacia el futuro, pero tambi\u00e9n por recuperar esa igualdad de g\u00e9nero en el relato hist\u00f3rico. Sumergido en todo eso, me pareci\u00f3 interesante poner en el centro de una novela m\u00eda a una mujer, y yo sab\u00eda que mujeres relevantes en Roma las hab\u00eda. Pero me gustaba tambi\u00e9n la idea de una mujer menos conocida, aunque con una historia apasionante.\u00a0<\/span><\/p>\n<p><b> Siguiendo con esta vertiente femenina, est\u00e1 trabajando en una nueva serie para Movistar+, <em>Los corazones<\/em><\/b><b><i>\u00a0del imperio, <\/i><\/b><b>\u00bfde qu\u00e9 va, c\u00f3mo surge la trama y\u00a0cu\u00e1l\u00a0es su papel en esta producci\u00f3n televisiva?<\/b><br \/>\n<span style=\"font-weight: 400;\">La serie surge porque me llaman de Movistar dici\u00e9ndome: \u201cQueremos que hagas una serie sobre los emperadores de Roma\u201d, y yo les dije \u201c\u00bfDe verdad? \u00bfOtra serie de emperadores de Roma?\u00bfY por qu\u00e9 no hacemos una sobre mujeres de Roma?\u201d. Y como ahora ya no solo hay altos directivos televisivos, sino que tambi\u00e9n hay altas directivas, una de ellas dijo \u201clo compro\u201d. Lo que hemos hecho es una serie donde revisamos la figura de la mujer en la antigua Roma, a trav\u00e9s de personajes muy conocidos como Cleopatra o Livia, la esposa de Augusto, para ver qui\u00e9nes eran realmente y no esa dimensi\u00f3n, normalmente tergiversada, que siempre se muestra de estos personajes. Y luego otros personajes menos conocidos como, por ejemplo, Julia Mesa. Y un peque\u00f1o detalle, como estoy loco, vamos a rodar en lat\u00edn. Me parec\u00eda que era un punto de realismo que pod\u00eda quedar muy bien, porque si a la gente le parece bien que Khaleesi hable Dothraki en Juego de Tronos y se subtitule, \u00bfpor qu\u00e9 nuestros personajes no pueden hablar en su idioma?<\/span><\/p>\n<p><b> \u00bfNos adelanta en primicia cu\u00e1les son sus proyectos futuros?<\/b><br \/>\n<span style=\"font-weight: 400;\">No me deja mi agente que especifique demasiado sobre aquello en lo que estoy trabajando en este momento. Estoy preparando otra novela sobre la antigua Roma. Yo suelo tardar, aproximadamente, un par de a\u00f1os en sacar una nueva obra. La novela que cierra la saga de Julia la publiqu\u00e9 el 3 de marzo de 2020, unos\u00a0d\u00edas antes del confinamiento, con gran pericia por mi parte.\u00a0Ha\u00a0sido de las m\u00e1s le\u00eddas durante la pandemia, porque es cierto que\u00a0mucha gente ha buscado la literatura para refugiarse. Creo y espero que hacia el 2022 podamos tener otra novela m\u00eda en las librer\u00edas.<\/span><\/p>\n<p>&nbsp;<\/p>\n","protected":false},"excerpt":{"rendered":"<p>Lorena RODR\u00cdGUEZ Un a\u00f1o despu\u00e9s de sacar a la venta la secuela del Premio Planeta \u2018Yo, Julia\u2019, el profesor de Literatura y escritor Santiago Posteguillo profundiza en esta\u00a0entrevista sobre su trayectoria como novelista. <a class=\"continue-reading-link\" href=\"https:\/\/lacronicadesevilla.es\/index.php\/2021\/03\/18\/santiago-posteguillo-entender-roma-nos-ayuda-a-entendernos-mejor\/\"><\/a><\/p>\n","protected":false},"author":50,"featured_media":0,"comment_status":"closed","ping_status":"closed","sticky":false,"template":"","format":"standard","meta":{"footnotes":""},"categories":[12],"tags":[193,778,780,166,97,777,781,779],"class_list":["post-4461","post","type-post","status-publish","format-standard","hentry","category-cultura","tag-cultura","tag-escritores","tag-historia-de-roma","tag-libros","tag-literatura","tag-premio-planeta","tag-roma","tag-santiago-posteguillo"],"_links":{"self":[{"href":"https:\/\/lacronicadesevilla.es\/index.php\/wp-json\/wp\/v2\/posts\/4461","targetHints":{"allow":["GET"]}}],"collection":[{"href":"https:\/\/lacronicadesevilla.es\/index.php\/wp-json\/wp\/v2\/posts"}],"about":[{"href":"https:\/\/lacronicadesevilla.es\/index.php\/wp-json\/wp\/v2\/types\/post"}],"author":[{"embeddable":true,"href":"https:\/\/lacronicadesevilla.es\/index.php\/wp-json\/wp\/v2\/users\/50"}],"replies":[{"embeddable":true,"href":"https:\/\/lacronicadesevilla.es\/index.php\/wp-json\/wp\/v2\/comments?post=4461"}],"version-history":[{"count":29,"href":"https:\/\/lacronicadesevilla.es\/index.php\/wp-json\/wp\/v2\/posts\/4461\/revisions"}],"predecessor-version":[{"id":4613,"href":"https:\/\/lacronicadesevilla.es\/index.php\/wp-json\/wp\/v2\/posts\/4461\/revisions\/4613"}],"wp:attachment":[{"href":"https:\/\/lacronicadesevilla.es\/index.php\/wp-json\/wp\/v2\/media?parent=4461"}],"wp:term":[{"taxonomy":"category","embeddable":true,"href":"https:\/\/lacronicadesevilla.es\/index.php\/wp-json\/wp\/v2\/categories?post=4461"},{"taxonomy":"post_tag","embeddable":true,"href":"https:\/\/lacronicadesevilla.es\/index.php\/wp-json\/wp\/v2\/tags?post=4461"}],"curies":[{"name":"wp","href":"https:\/\/api.w.org\/{rel}","templated":true}]}}