{"id":5391,"date":"2021-04-01T12:08:10","date_gmt":"2021-04-01T11:08:10","guid":{"rendered":"http:\/\/lacronicadesevilla.es\/?p=5391"},"modified":"2022-03-01T12:50:06","modified_gmt":"2022-03-01T11:50:06","slug":"moda-flamenca-una-vuelta-a-las-raices-con-talles-marcados-y-volumen-en-las-mangas","status":"publish","type":"post","link":"https:\/\/lacronicadesevilla.es\/index.php\/2021\/04\/01\/moda-flamenca-una-vuelta-a-las-raices-con-talles-marcados-y-volumen-en-las-mangas\/","title":{"rendered":"Moda flamenca | Una vuelta a las ra\u00edces con talles marcados y volumen en las mangas"},"content":{"rendered":"<ul>\n<li><strong>El color rojo, los tejidos lisos\u00a0y otras tendencias del <em>ready-to-wear<\/em> fueron protagonista en los desfiles de la 27 edici\u00f3n de SIMOF\u00a0<\/strong><\/li>\n<\/ul>\n<div id=\"attachment_5405\" style=\"width: 510px\" class=\"wp-caption alignright\"><img loading=\"lazy\" decoding=\"async\" aria-describedby=\"caption-attachment-5405\" class=\"wp-image-5405\" src=\"http:\/\/lacronicadesevilla.es\/wp-content\/uploads\/2022\/02\/carmen-latorre.jpg\" alt=\"Carmen Latorre se inspira en Crist\u00f3bal Balenciaga\" width=\"500\" height=\"381\" srcset=\"https:\/\/lacronicadesevilla.es\/wp-content\/uploads\/2022\/02\/carmen-latorre.jpg 550w, https:\/\/lacronicadesevilla.es\/wp-content\/uploads\/2022\/02\/carmen-latorre-300x229.jpg 300w, https:\/\/lacronicadesevilla.es\/wp-content\/uploads\/2022\/02\/carmen-latorre-459x350.jpg 459w, https:\/\/lacronicadesevilla.es\/wp-content\/uploads\/2022\/02\/carmen-latorre-150x114.jpg 150w\" sizes=\"auto, (max-width: 500px) 100vw, 500px\" \/><p id=\"caption-attachment-5405\" class=\"wp-caption-text\">Carmen Latorre se ha inspirado en Crist\u00f3bal Balenciaga<\/p><\/div>\n<p>Ana MONTIEL \/ Fotograf\u00edas: Chema SOLER<\/p>\n<p><span style=\"font-weight: 400;\">El Palacio de Exposiciones y Congresos de Sevilla, <strong>Fibes<\/strong>, acogi\u00f3 la 27 edici\u00f3n de <strong>SIMOF<\/strong>, Sal\u00f3n Internacional de la <strong>Moda Flamenca<\/strong>, un completo escaparate de las tendencias en este sector para las ferias y romer\u00edas del 2022.<\/span><!--more--><\/p>\n<p>El evento est\u00e1 organizado por Fibes, la agencia Doble Erre y cuenta con la colaboraci\u00f3n del Ayuntamiento de <strong>Sevilla<\/strong>. Durante cuatro d\u00edas de exposiciones y desfiles, cuarenta dise\u00f1adores han presentado alrededor de 1.700 trajes en los que ha predominado el <strong>color<\/strong> <strong>rojo<\/strong> y otros tonos igualmente brillantes.<\/p>\n<p>As\u00ed pues, el rojo est\u00e1 presente en las colecciones \u2018Farala\u2019 de Alejandro Santizo y \u201810\u2019 de Jos\u00e9 Galva\u00f1. Otros tonos de moda son el blanco y el negro, y tambi\u00e9n el naranja, el amarillo, el verda lima y la gama crom\u00e1tica de los malvas. En definitiva, una <strong>paleta alegre y variada<\/strong> que forma parte de los dise\u00f1os de Pilar Vera, F de Frank y Ver\u00f3nica de la Vera.<\/p>\n<div id=\"attachment_5399\" style=\"width: 710px\" class=\"wp-caption aligncenter\"><img loading=\"lazy\" decoding=\"async\" aria-describedby=\"caption-attachment-5399\" class=\"size-full wp-image-5399\" src=\"http:\/\/lacronicadesevilla.es\/wp-content\/uploads\/2022\/02\/santizo.jpg\" alt=\"Alejandro Santizo apuesta por el color rojo en su colecci\u00f3n 'Faral\u00e1'. Foto: Chema Soler \" width=\"700\" height=\"452\" srcset=\"https:\/\/lacronicadesevilla.es\/wp-content\/uploads\/2022\/02\/santizo.jpg 700w, https:\/\/lacronicadesevilla.es\/wp-content\/uploads\/2022\/02\/santizo-300x194.jpg 300w, https:\/\/lacronicadesevilla.es\/wp-content\/uploads\/2022\/02\/santizo-542x350.jpg 542w, https:\/\/lacronicadesevilla.es\/wp-content\/uploads\/2022\/02\/santizo-150x97.jpg 150w\" sizes=\"auto, (max-width: 700px) 100vw, 700px\" \/><p id=\"caption-attachment-5399\" class=\"wp-caption-text\">Alejandro Santizo apuesta por el color rojo en su colecci\u00f3n &#8216;Faral\u00e1&#8217;.<\/p><\/div>\n<p><b>MUCHO LISO Y MENOS ESTAMPADO<br \/>\n<\/b><span style=\"font-weight: 400;\">Se confirma la vuelta de los vestidos lisos, haciendo una apuesta por el <\/span><strong><i>color block<\/i><\/strong><span style=\"font-weight: 400;\">. Es decir, el uso de un color para componer un <em>look<\/em> rotundo. Los dise\u00f1os de F de Frank son un claro\u00a0ejemplo del empleo de esta t\u00e9cnica, con trajes de volantes donde prevalece la <strong>monocrom\u00eda <\/strong>de n<\/span><span style=\"color: #000000;\"><span style=\"caret-color: #000000;\">aranjas, fucsias, verdes o turquesas.<\/span><\/span><\/p>\n<div id=\"attachment_5402\" style=\"width: 410px\" class=\"wp-caption aligncenter\"><img loading=\"lazy\" decoding=\"async\" aria-describedby=\"caption-attachment-5402\" class=\"size-full wp-image-5402\" src=\"http:\/\/lacronicadesevilla.es\/wp-content\/uploads\/2022\/02\/jose-joaquin-gil.jpg\" alt=\"Estampado de lunares de Jose Joaqu\u00edn Gil\" width=\"400\" height=\"554\" srcset=\"https:\/\/lacronicadesevilla.es\/wp-content\/uploads\/2022\/02\/jose-joaquin-gil.jpg 400w, https:\/\/lacronicadesevilla.es\/wp-content\/uploads\/2022\/02\/jose-joaquin-gil-217x300.jpg 217w, https:\/\/lacronicadesevilla.es\/wp-content\/uploads\/2022\/02\/jose-joaquin-gil-253x350.jpg 253w, https:\/\/lacronicadesevilla.es\/wp-content\/uploads\/2022\/02\/jose-joaquin-gil-108x150.jpg 108w\" sizes=\"auto, (max-width: 400px) 100vw, 400px\" \/><p id=\"caption-attachment-5402\" class=\"wp-caption-text\">Estampado de lunares de Jose Joaqu\u00edn Gil<\/p><\/div>\n<p>Los estampados, y especialmente los <strong>lunares<\/strong>, son un cl\u00e1sico que nunca pasar\u00e1n de moda, tal y como demuestra la colecci\u00f3n de Jose Joaqu\u00edn Gil, que apuesta por patrones voluminosos. Precisamente, la televisiva Raquel Bollo se ha estrenado en SIMOF como dise\u00f1adora de moda flamenca con una colecci\u00f3n, inspirada en los a\u00f1os 70, que le concede su merecido papel a los lunares, que en este caso son grandes y vistosos. Por su parte, Rosa Pedroche apuesta en su colecci\u00f3n, titulada \u2018Benedicta Gloria\u2019, por los <strong>estampados florares<\/strong>, en su mayor\u00eda en colores rojo y negro.<\/p>\n<p><span style=\"font-weight: 400;\">La moda flamenca conserva sus ra\u00edces marcando y ci\u00f1endo la silueta femenina. Este a\u00f1o se busca el movimiento y el <strong>volumen<\/strong>, sobre todo en la parte superior del cuerpo a trav\u00e9s de los volantes en mangas y escotes, tal y como hace Sara Sanabria en su colecci\u00f3n <\/span><b>\u2018<\/b><span style=\"font-weight: 400;\">Amor\u00edos\u2019.\u00a0<\/span><span style=\"font-weight: 400;\">Estos vol\u00famenes, incluso en versiones XXL, tambi\u00e9n se aprecian en los dise\u00f1os de Jos\u00e9 Raposo, cuya colecci\u00f3n \u2018New Galaxy\u2019 es una oda al futuro. Para ello, utiliza brocados, metalizados, rasos, perforados y polipiel para dar volumen a los trajes tanto en faldas como en escotes y mangas.<\/span><\/p>\n<div id=\"attachment_5406\" style=\"width: 410px\" class=\"wp-caption alignleft\"><img loading=\"lazy\" decoding=\"async\" aria-describedby=\"caption-attachment-5406\" class=\"size-full wp-image-5406\" src=\"http:\/\/lacronicadesevilla.es\/wp-content\/uploads\/2022\/02\/f-de-frank.jpg\" alt=\"Colores lisos en los trajes de F de Frank\" width=\"400\" height=\"519\" srcset=\"https:\/\/lacronicadesevilla.es\/wp-content\/uploads\/2022\/02\/f-de-frank.jpg 400w, https:\/\/lacronicadesevilla.es\/wp-content\/uploads\/2022\/02\/f-de-frank-231x300.jpg 231w, https:\/\/lacronicadesevilla.es\/wp-content\/uploads\/2022\/02\/f-de-frank-270x350.jpg 270w, https:\/\/lacronicadesevilla.es\/wp-content\/uploads\/2022\/02\/f-de-frank-116x150.jpg 116w\" sizes=\"auto, (max-width: 400px) 100vw, 400px\" \/><p id=\"caption-attachment-5406\" class=\"wp-caption-text\">Colores lisos en los trajes de F de Frank<\/p><\/div>\n<p><b>TRAJES CON MANTONCILLOS<br \/>\n<\/b><span style=\"font-weight: 400;\">El mant\u00f3n es tendencia y cada dise\u00f1ador, entre ellos Aurora Gavi\u00f1o y los Hermanos Santos, aporta su propia visi\u00f3n de c\u00f3mo llevarlo. Impecables, tanto en su colocaci\u00f3n como en la combinaci\u00f3n de colores, son los <strong>mantoncillos de la firma Mi Abril.<\/strong> Sujeto en la parte delantera mediante un broche, cruzado en las caderas con los extremos sueltos o cruzado hacia atr\u00e1s cubriendo el pecho, son algunas de sus propuestas. Propone, incluso, llevar dos mantoncillos: uno atado a la cintura y otro sobre los hombros.\u00a0<\/span><\/p>\n<p><span style=\"font-weight: 400;\">Las tendencias flamencas se trasladan a la calle y viceversa, en una moda <\/span><strong><i>ready-to-wear<\/i><\/strong><span style=\"font-weight: 400;\">, que aporta un toque de originalidad y atrevimiento. En este sentido, la modista Augus Dorado incorpora a sus dise\u00f1os las camisas <\/span><i><span style=\"font-weight: 400;\">oversize<\/span><\/i><span style=\"font-weight: 400;\"> y las chaquetas; Pilar Vera opta por toreras de pedrer\u00eda; y Aurora Gavi\u00f1o, por chalequillos.<\/span><\/p>\n<p><strong>ARGOLLAS Y CLAVELES NATURALES EN EL PELO<\/strong><br \/>\nEn el apartado <strong>complementos<\/strong>, la argolla, en m\u00faltiples formas y opciones, ha sido el pendiente favorito en la mayor\u00eda de las colecciones, como las de Rosa Pedroche y Ver\u00f3nica de la Vera. Cabe rese\u00f1ar, tambi\u00e9n, los cinturones con el fin de marcar las cinturas y perfilar talles altos, tal y como lo hace Javier Garc\u00eda.<\/p>\n<p>El complemento por excelencia en el <em>look<\/em> de flamenca es la <strong>flor<\/strong>. Este a\u00f1o triunfar\u00e1 el clavel natural en color rojo, pero en las pasarelas tambi\u00e9n se han visto orqu\u00eddeas, flores campestres, nardos y paniculata. En cuanto a su colocaci\u00f3n, se llevan en la parte superior de la cabeza, adornando trenzas y coletas, en forma de diademas o coronas, y una o varias flores a un lado.\u00a0<strong>Los peinados responden a un estilo cl\u00e1sico, <\/strong>con la raya en medio, muy pulidos y haciendo uso del &#8216;efecto mojado&#8217;. Predominan los mo\u00f1os de bailarina y las coletas voluminosas a base de ondas abiertas.<\/p>\n<p>&nbsp;<\/p>\n","protected":false},"excerpt":{"rendered":"<p>El color rojo, los tejidos lisos\u00a0y otras tendencias del ready-to-wear fueron protagonista en los desfiles de la 27 edici\u00f3n de SIMOF\u00a0 Ana MONTIEL \/ Fotograf\u00edas: Chema SOLER El Palacio de Exposiciones y Congresos de Sevilla, Fibes, acogi\u00f3 la 27 edici\u00f3n de SIMOF, Sal\u00f3n Internacional de la Moda Flamenca, un completo\u2026 <a class=\"continue-reading-link\" href=\"https:\/\/lacronicadesevilla.es\/index.php\/2021\/04\/01\/moda-flamenca-una-vuelta-a-las-raices-con-talles-marcados-y-volumen-en-las-mangas\/\"><\/a><\/p>\n","protected":false},"author":50,"featured_media":0,"comment_status":"closed","ping_status":"closed","sticky":false,"template":"","format":"standard","meta":{"footnotes":""},"categories":[9],"tags":[883,84,24,22,881,882],"class_list":["post-5391","post","type-post","status-publish","format-standard","hentry","category-sociedad","tag-color","tag-complementos","tag-moda-flamenca","tag-simof","tag-tendencias","tag-volumen"],"_links":{"self":[{"href":"https:\/\/lacronicadesevilla.es\/index.php\/wp-json\/wp\/v2\/posts\/5391","targetHints":{"allow":["GET"]}}],"collection":[{"href":"https:\/\/lacronicadesevilla.es\/index.php\/wp-json\/wp\/v2\/posts"}],"about":[{"href":"https:\/\/lacronicadesevilla.es\/index.php\/wp-json\/wp\/v2\/types\/post"}],"author":[{"embeddable":true,"href":"https:\/\/lacronicadesevilla.es\/index.php\/wp-json\/wp\/v2\/users\/50"}],"replies":[{"embeddable":true,"href":"https:\/\/lacronicadesevilla.es\/index.php\/wp-json\/wp\/v2\/comments?post=5391"}],"version-history":[{"count":29,"href":"https:\/\/lacronicadesevilla.es\/index.php\/wp-json\/wp\/v2\/posts\/5391\/revisions"}],"predecessor-version":[{"id":5433,"href":"https:\/\/lacronicadesevilla.es\/index.php\/wp-json\/wp\/v2\/posts\/5391\/revisions\/5433"}],"wp:attachment":[{"href":"https:\/\/lacronicadesevilla.es\/index.php\/wp-json\/wp\/v2\/media?parent=5391"}],"wp:term":[{"taxonomy":"category","embeddable":true,"href":"https:\/\/lacronicadesevilla.es\/index.php\/wp-json\/wp\/v2\/categories?post=5391"},{"taxonomy":"post_tag","embeddable":true,"href":"https:\/\/lacronicadesevilla.es\/index.php\/wp-json\/wp\/v2\/tags?post=5391"}],"curies":[{"name":"wp","href":"https:\/\/api.w.org\/{rel}","templated":true}]}}