{"id":5435,"date":"2021-04-01T08:39:01","date_gmt":"2021-04-01T07:39:01","guid":{"rendered":"http:\/\/lacronicadesevilla.es\/?p=5435"},"modified":"2022-03-07T15:12:54","modified_gmt":"2022-03-07T14:12:54","slug":"el-paso-remodelado-del-cachorro-la-organizacion-de-los-tramos-y-otras-novedades-de-la-semana-santa-2022","status":"publish","type":"post","link":"https:\/\/lacronicadesevilla.es\/index.php\/2021\/04\/01\/el-paso-remodelado-del-cachorro-la-organizacion-de-los-tramos-y-otras-novedades-de-la-semana-santa-2022\/","title":{"rendered":"La organizaci\u00f3n de los tramos, el paso del Cachorro y otras novedades de la Semana Santa"},"content":{"rendered":"<div id=\"attachment_5489\" style=\"width: 530px\" class=\"wp-caption alignright\"><img loading=\"lazy\" decoding=\"async\" aria-describedby=\"caption-attachment-5489\" class=\"size-full wp-image-5489\" src=\"http:\/\/lacronicadesevilla.es\/wp-content\/uploads\/2022\/03\/sillas-semana-santa-22.jpg\" alt=\"Palcos y sillas en la Carrera Oficial de la Semana Santa sevillana\" width=\"520\" height=\"322\" srcset=\"https:\/\/lacronicadesevilla.es\/wp-content\/uploads\/2022\/03\/sillas-semana-santa-22.jpg 520w, https:\/\/lacronicadesevilla.es\/wp-content\/uploads\/2022\/03\/sillas-semana-santa-22-300x186.jpg 300w, https:\/\/lacronicadesevilla.es\/wp-content\/uploads\/2022\/03\/sillas-semana-santa-22-150x93.jpg 150w\" sizes=\"auto, (max-width: 520px) 100vw, 520px\" \/><p id=\"caption-attachment-5489\" class=\"wp-caption-text\">Palcos y sillas en la Carrera Oficial de la Semana Santa sevillana<\/p><\/div>\n<p>Alejandro RUIZ DE ALBA<\/p>\n<p><span style=\"font-weight: 400;\">La <strong>Semana Santa de Sevilla<\/strong> se celebra este a\u00f1o del <strong>10 al 17 de abril<\/strong> con algunas novedades. Una de ellas es la <strong>reducci\u00f3n del n\u00famero de sillas <\/strong>en la Calle Sierpes para evitar aglomeraciones.<\/span><!--more--><\/p>\n<p>En t\u00e9rminos generales, el Consejo General de Hermandades y Cofrad\u00edas est\u00e1 renovando todas las sillas de la carrera oficial, salvo las que queden vacantes en la calle Sierpes. Se quieren reducir algunas de las sillas ubicadas en esta c\u00e9ntrica calle que forma parte de la Carrera Oficial de las procesiones. Y no solo por un tema de salud\u00a0debido a la pandemia por Covid-19 sino, tambi\u00e9n, por cuestiones relacionadas con el aforo y la seguridad. Los precios de las sillas de la Carrera Oficial ya est\u00e1n publicados: 1.000 euros valen los palcos y cada una de las sillas cuesta en torno a los 160 euros durante toda la semana.<\/p>\n<p style=\"text-align: left;\">Para tratar estos temas relacionados con la Semana Santa sevillana hemos hablado con Fernando Garc\u00eda, miembro Consiliario de la Junta de la Hermandad de la Macarena; y con Fernando Benot, fiscal I de la Hermandad de la Soledad de San Lorenzo y miembro de su Junta de Gobierno.<\/p>\n<p><span style=\"font-weight: 400;\">En relaci\u00f3n a los ensayos de los costaleros, Fernando Benot indica que \u00ablos haremos lo m\u00e1s tarde posible, sobre el 18 de marzo, y hemos comprado 300 test de ant\u00edgenos para los ensayos y para la salida procesional\u201d. Sobre la salida, Benot aclara que la idea es que los costaleros no hagan relevo, \u00abcontamos con dos cuadrillas, de modo que una ir\u00eda desde la iglesia a la Catedral y la otra desde la Catedral hasta el templo\u201d.<\/span><\/p>\n<p><span style=\"font-weight: 400;\">Por su parte, Fernando Garc\u00eda afirma que est\u00e1n esperando a ver c\u00f3mo evoluciona el tema del Covid para afrontar todo lo relativo a la Semana Santa. Aplaude las medidas de seguridad que se est\u00e1n tomando, pues le consta que en, pr\u00e1cticamente, todas las hermandades los ensayos de los costaleros se est\u00e1n haciendo con mascarillas, con test de ant\u00edgenos previos y con certificado Covid.\u00a0<\/span><\/p>\n<p><img loading=\"lazy\" decoding=\"async\" class=\"alignleft size-full wp-image-5485\" src=\"http:\/\/lacronicadesevilla.es\/wp-content\/uploads\/2022\/03\/semana-santa-sevilla.jpg\" alt=\"semana-santa-sevilla\" width=\"350\" height=\"466\" srcset=\"https:\/\/lacronicadesevilla.es\/wp-content\/uploads\/2022\/03\/semana-santa-sevilla.jpg 350w, https:\/\/lacronicadesevilla.es\/wp-content\/uploads\/2022\/03\/semana-santa-sevilla-225x300.jpg 225w, https:\/\/lacronicadesevilla.es\/wp-content\/uploads\/2022\/03\/semana-santa-sevilla-263x350.jpg 263w, https:\/\/lacronicadesevilla.es\/wp-content\/uploads\/2022\/03\/semana-santa-sevilla-113x150.jpg 113w\" sizes=\"auto, (max-width: 350px) 100vw, 350px\" \/>Tal y como adelanta el <a href=\"https:\/\/www.diariodesevilla.es\/semana_santa\/Cachorro-cambia-paso_0_1560744761.html\" target=\"_blank\">Diario de Sevilla<\/a>, una de las novedades m\u00e1s esperadas es el <strong>&#8216;nuevo&#8217; paso del Cristo del Cachorro<\/strong>, tras su remodelaci\u00f3n, que no pudo estrenarse el a\u00f1o pasado. Se le han a\u00f1adido nuevos candelabros, m\u00e1s peque\u00f1os\u00a0que los anteriores, y tambi\u00e9n han aumentado las tallas para simbolizar a los cuatro padres de la Iglesia: San Jer\u00f3nimo, San Ambrosio de Mil\u00e1n, San Gregorio Magno y San Agust\u00edn, y a los cuatro evangelistas: San Juan, San Marcos, San Lucas y San Mateo.<\/p>\n<p>Por su parte, <strong>se ha\u00a0reformado el palio de la Virgen de la Merced<\/strong>, de la Hermandad de Pasi\u00f3n. Seg\u00fan informa la publicaci\u00f3n\u00a0gaditana\u00a0<a href=\"https:\/\/www.elmira.es\/articulo\/cofrade\/semana-santa-sevilla-2022-asi-saldra-calle-palio-restaurado-pasion-jueves-santo\/20220204201429312771.html\" target=\"_blank\">El Mira<\/a>, se\u00a0ha realizado un recorte de los bordados, se ha incluido un tapizado de polipiel y se ha atirantado el techo del palio en un in\u00e9dito marco de madera. Tambi\u00e9n se ha realizado un limpieza de la obra.<\/p>\n<p><b>CAMBIO DEL RECORRIDO DE &#8216;LAS SIETE PALABRAS&#8217;<br \/>\n<\/b><span style=\"font-weight: 400;\">Casi todas las hermandades har\u00e1n el mismo recorrido y con el mismo horario que ten\u00edan en los a\u00f1os previos a la pandemia. No obstante, ya es oficial el cambio de itinerario de la Hermandad de Las Siete Palabras del\u00a0 Mi\u00e9rcoles Santo, que se ejecutar\u00e1 una vez llegue a la Carrera Oficial; pues en vez de girar\u00a0<\/span><span style=\"font-weight: 400;\">a la izquierda hacia la calle Cardenal Amigo Vallejo, como lo hac\u00eda siempre, desviar\u00e1 su trayectoria hacia Alemanes y Hernando Col\u00f3n.<\/span><\/p>\n<p><span style=\"font-weight: 400;\">Otro de los aspectos que comenta Fernando Garc\u00eda es que, probablemente, en San Lorenzo tengan que ampliar el espacio para formar a los nazarenos en el exterior y as\u00ed despejar las zonas de interior. Sobre este tema se\u00f1ala que \u201cen principio, nosotros conservamos el mismo recorrido que antes, la mayor parte, y nuestra salida y entrada es amplia, mientras que el tramo estrecho es\u00a0irremediable, porque es el que corresponde a la salida de la Catedral\u201d.<\/span><\/p>\n<p><span style=\"font-weight: 400;\">Fernando Benot, que tambi\u00e9n sale de nazareno en la Esperanza de Triana, manifesta que est\u00e1n intentando conseguir <strong>m\u00e1s espacio para montar los tramos<\/strong>. En la organizaci\u00f3n de la entrada, la hermandad de la Esperanza ha conseguido que les cedan el colegio Cristo Rey de la calle Pureza, lo que les permite desahogar la capilla y la parroquia de Santa Ana.<\/span><\/p>\n<p>&nbsp;<\/p>\n<p>&nbsp;<\/p>\n","protected":false},"excerpt":{"rendered":"<p>Alejandro RUIZ DE ALBA La Semana Santa de Sevilla se celebra este a\u00f1o del 10 al 17 de abril con algunas novedades. Una de ellas es la reducci\u00f3n del n\u00famero de sillas en la Calle Sierpes para evitar aglomeraciones. <a class=\"continue-reading-link\" href=\"https:\/\/lacronicadesevilla.es\/index.php\/2021\/04\/01\/el-paso-remodelado-del-cachorro-la-organizacion-de-los-tramos-y-otras-novedades-de-la-semana-santa-2022\/\"><\/a><\/p>\n","protected":false},"author":50,"featured_media":0,"comment_status":"closed","ping_status":"closed","sticky":false,"template":"","format":"standard","meta":{"footnotes":""},"categories":[8],"tags":[886,641,885,884,404],"class_list":["post-5435","post","type-post","status-publish","format-standard","hentry","category-sevilla","tag-886","tag-cachorro","tag-novedades","tag-recorridos","tag-semana-santa"],"_links":{"self":[{"href":"https:\/\/lacronicadesevilla.es\/index.php\/wp-json\/wp\/v2\/posts\/5435","targetHints":{"allow":["GET"]}}],"collection":[{"href":"https:\/\/lacronicadesevilla.es\/index.php\/wp-json\/wp\/v2\/posts"}],"about":[{"href":"https:\/\/lacronicadesevilla.es\/index.php\/wp-json\/wp\/v2\/types\/post"}],"author":[{"embeddable":true,"href":"https:\/\/lacronicadesevilla.es\/index.php\/wp-json\/wp\/v2\/users\/50"}],"replies":[{"embeddable":true,"href":"https:\/\/lacronicadesevilla.es\/index.php\/wp-json\/wp\/v2\/comments?post=5435"}],"version-history":[{"count":46,"href":"https:\/\/lacronicadesevilla.es\/index.php\/wp-json\/wp\/v2\/posts\/5435\/revisions"}],"predecessor-version":[{"id":5499,"href":"https:\/\/lacronicadesevilla.es\/index.php\/wp-json\/wp\/v2\/posts\/5435\/revisions\/5499"}],"wp:attachment":[{"href":"https:\/\/lacronicadesevilla.es\/index.php\/wp-json\/wp\/v2\/media?parent=5435"}],"wp:term":[{"taxonomy":"category","embeddable":true,"href":"https:\/\/lacronicadesevilla.es\/index.php\/wp-json\/wp\/v2\/categories?post=5435"},{"taxonomy":"post_tag","embeddable":true,"href":"https:\/\/lacronicadesevilla.es\/index.php\/wp-json\/wp\/v2\/tags?post=5435"}],"curies":[{"name":"wp","href":"https:\/\/api.w.org\/{rel}","templated":true}]}}