{"id":5523,"date":"2022-03-31T09:13:09","date_gmt":"2022-03-31T08:13:09","guid":{"rendered":"http:\/\/lacronicadesevilla.es\/?p=5523"},"modified":"2022-03-31T09:47:15","modified_gmt":"2022-03-31T08:47:15","slug":"andalucia-es-flamenca-el-desfile-magno-que-reune-a-83-disenadores-para-posicionar-esta-moda-como-un-atractivo-turistico","status":"publish","type":"post","link":"https:\/\/lacronicadesevilla.es\/index.php\/2022\/03\/31\/andalucia-es-flamenca-el-desfile-magno-que-reune-a-83-disenadores-para-posicionar-esta-moda-como-un-atractivo-turistico\/","title":{"rendered":"Un desfile re\u00fane a 83 dise\u00f1adores para posicionar la moda flamenca como un atractivo tur\u00edstico"},"content":{"rendered":"<p><span style=\"font-weight: 400;\"><img loading=\"lazy\" decoding=\"async\" class=\"alignright size-full wp-image-5605\" src=\"http:\/\/lacronicadesevilla.es\/wp-content\/uploads\/2022\/03\/andalucia-es-flamenca-2.jpg\" alt=\"andalucia-es-flamenca-2\" width=\"430\" height=\"372\" srcset=\"https:\/\/lacronicadesevilla.es\/wp-content\/uploads\/2022\/03\/andalucia-es-flamenca-2.jpg 430w, https:\/\/lacronicadesevilla.es\/wp-content\/uploads\/2022\/03\/andalucia-es-flamenca-2-300x260.jpg 300w, https:\/\/lacronicadesevilla.es\/wp-content\/uploads\/2022\/03\/andalucia-es-flamenca-2-405x350.jpg 405w, https:\/\/lacronicadesevilla.es\/wp-content\/uploads\/2022\/03\/andalucia-es-flamenca-2-150x130.jpg 150w\" sizes=\"auto, (max-width: 430px) 100vw, 430px\" \/>Texto y fotograf\u00eda: Ana MONTIEL<br \/>\n<\/span><br \/>\nEl evento<b><i>\u00a0Andaluc\u00eda es fl<\/i><\/b><b>amenca<\/b><b>\u00a0<\/b>visti\u00f3<span style=\"font-weight: 400;\">\u00a0el Paseo de Roma de Sevilla de <strong>lunares<\/strong> y <strong>volantes<\/strong> con el fin de posicionar a la moda andaluza como otro de sus <strong>atractivos tur\u00edsticos<\/strong>.\u00a0<\/span><\/p>\n<p><!--more--><span style=\"font-weight: 400;\">La iniciativa ha sido llevada a cabo por la agencia <strong>Go! Eventos y Comunicaci\u00f3n<\/strong>, en colaboraci\u00f3n con la\u00a0 <strong>Consejer\u00eda de Turismo de la Junta de Andaluc\u00eda.\u00a0<\/strong>En este macro desfile han participado 83 firmas y dise\u00f1adores procedentes de todas las provincias andaluzas, asociaciones como Mof&amp;Art, Qlamenco, Lunar Off y Flamenca Unlimited, y plataformas y pasarelas referentes en Andaluc\u00eda como We Love Flamenco, SIMOF, And\u00fajar <\/span><span style=\"font-weight: 400;\">Flamenca, Pasarela Flamenca Jerez T\u00edo Pepe, FIMAF y Pasarela Flamenca Granada.\u00a0<\/span><\/p>\n<p>Las modelos luc\u00edan los dise\u00f1os al comp\u00e1s de las voces de Sal Marina, Rosario La Tremendita, Jos\u00e9 Luis P\u00e9rez-Vera y la Banda Municipal de M\u00fasica de El Cerro de And\u00e9valo. Laura S\u00e1nchez, directora de Go! eventos y comunicaci\u00f3n, Rosa Hern\u00e1ndez, delegada Territorial de Turismo de la Junta de Andaluc\u00eda en Sevilla, Alma Cort\u00e9s Bollo, la Flaka,\u00a0 Junior M\u00edguez, Jorge Cadaval, Ken Applendorn, Margarita y Nani del programa de TVE Maestros de la Costura, Patricia Cadaval, \u00c1ngela Ponce, Charo Reina y el dise\u00f1ador Nicol\u00e1s Montenegro fueron algunas de las caras conocidas que presenciaron el desfile.<\/p>\n<p><b>Hablando de tendencias<br \/>\n<\/b><span style=\"font-weight: 400;\">Las luces de la fachada del Palacio de San Telmo de Sevilla, junto al r\u00edo Guadalquivir, se apagaron dejando ver al atardecer las propuestas de los dise\u00f1adores para la\u00a0<a href=\"http:\/\/lacronicadesevilla.es\/index.php\/2021\/04\/01\/moda-flamenca-una-vuelta-a-las-raices-con-talles-marcados-y-volumen-en-las-mangas\/\">moda flamenca<\/a>\u00a0del presente a\u00f1o 2022.\u00a0Respecto a los\u00a0<strong>colores<\/strong>, <strong>se llevan los cl\u00e1sicos negro y blanco<\/strong>, pero el rojo es por el que m\u00e1s apuestan las firmas. En cuanto los\u00a0<strong>estampados<\/strong>, priman las telas lisas, aunque siguen estando presente los <strong>lunares<\/strong> en todas sus versiones. Adem\u00e1s, las mangas y las faldas de los vestidos se llenan de <strong>volumen<\/strong> en cuerpos que se ci\u00f1en a la figura femenina.\u00a0<\/span><\/p>\n<p>&nbsp;<\/p>\n","protected":false},"excerpt":{"rendered":"<p>Texto y fotograf\u00eda: Ana MONTIEL El evento\u00a0Andaluc\u00eda es flamenca\u00a0visti\u00f3\u00a0el Paseo de Roma de Sevilla de lunares y volantes con el fin de posicionar a la moda andaluza como otro de sus atractivos tur\u00edsticos.\u00a0 <a class=\"continue-reading-link\" href=\"https:\/\/lacronicadesevilla.es\/index.php\/2022\/03\/31\/andalucia-es-flamenca-el-desfile-magno-que-reune-a-83-disenadores-para-posicionar-esta-moda-como-un-atractivo-turistico\/\"><\/a><\/p>\n","protected":false},"author":50,"featured_media":0,"comment_status":"closed","ping_status":"closed","sticky":false,"template":"","format":"standard","meta":{"footnotes":""},"categories":[8,9],"tags":[235,24,881],"class_list":["post-5523","post","type-post","status-publish","format-standard","hentry","category-sevilla","category-sociedad","tag-andalucia","tag-moda-flamenca","tag-tendencias"],"_links":{"self":[{"href":"https:\/\/lacronicadesevilla.es\/index.php\/wp-json\/wp\/v2\/posts\/5523","targetHints":{"allow":["GET"]}}],"collection":[{"href":"https:\/\/lacronicadesevilla.es\/index.php\/wp-json\/wp\/v2\/posts"}],"about":[{"href":"https:\/\/lacronicadesevilla.es\/index.php\/wp-json\/wp\/v2\/types\/post"}],"author":[{"embeddable":true,"href":"https:\/\/lacronicadesevilla.es\/index.php\/wp-json\/wp\/v2\/users\/50"}],"replies":[{"embeddable":true,"href":"https:\/\/lacronicadesevilla.es\/index.php\/wp-json\/wp\/v2\/comments?post=5523"}],"version-history":[{"count":23,"href":"https:\/\/lacronicadesevilla.es\/index.php\/wp-json\/wp\/v2\/posts\/5523\/revisions"}],"predecessor-version":[{"id":5606,"href":"https:\/\/lacronicadesevilla.es\/index.php\/wp-json\/wp\/v2\/posts\/5523\/revisions\/5606"}],"wp:attachment":[{"href":"https:\/\/lacronicadesevilla.es\/index.php\/wp-json\/wp\/v2\/media?parent=5523"}],"wp:term":[{"taxonomy":"category","embeddable":true,"href":"https:\/\/lacronicadesevilla.es\/index.php\/wp-json\/wp\/v2\/categories?post=5523"},{"taxonomy":"post_tag","embeddable":true,"href":"https:\/\/lacronicadesevilla.es\/index.php\/wp-json\/wp\/v2\/tags?post=5523"}],"curies":[{"name":"wp","href":"https:\/\/api.w.org\/{rel}","templated":true}]}}