{"id":5653,"date":"2022-05-02T20:01:50","date_gmt":"2022-05-02T19:01:50","guid":{"rendered":"http:\/\/lacronicadesevilla.es\/?p=5653"},"modified":"2022-05-02T21:10:07","modified_gmt":"2022-05-02T20:10:07","slug":"el-torero-pablo-aguado-recibe-el-premio-taurino-al-detalle-para-el-recuerdo-2019-por-su-naturalidad-y-clasicismo","status":"publish","type":"post","link":"https:\/\/lacronicadesevilla.es\/index.php\/2022\/05\/02\/el-torero-pablo-aguado-recibe-el-premio-taurino-al-detalle-para-el-recuerdo-2019-por-su-naturalidad-y-clasicismo\/","title":{"rendered":"Pablo Aguado recibe el premio \u2018Al Detalle para el Recuerdo&#8217; por su toreo cl\u00e1sico y natural"},"content":{"rendered":"<p><img loading=\"lazy\" decoding=\"async\" class=\"alignright wp-image-5655\" src=\"http:\/\/lacronicadesevilla.es\/wp-content\/uploads\/2022\/05\/Pablo-Aguado.jpg\" alt=\"Pablo-Aguado\" width=\"480\" height=\"320\" srcset=\"https:\/\/lacronicadesevilla.es\/wp-content\/uploads\/2022\/05\/Pablo-Aguado.jpg 525w, https:\/\/lacronicadesevilla.es\/wp-content\/uploads\/2022\/05\/Pablo-Aguado-300x200.jpg 300w, https:\/\/lacronicadesevilla.es\/wp-content\/uploads\/2022\/05\/Pablo-Aguado-150x100.jpg 150w\" sizes=\"auto, (max-width: 480px) 100vw, 480px\" \/>La CR\u00d3NICA<\/p>\n<p>El <strong>torero\u00a0Pablo Aguado<\/strong>\u00a0recogi\u00f3 el <strong>Premio Taurino<\/strong> \u2018Al Detalle para el Recuerdo 2019\u2019\u00a0en un acto celebrado en el hotel sevillano Vincci La R\u00e1bida.<!--more--><\/p>\n<p>La ceremonia acogi\u00f3 a distintas personalidades del mundo del toro y de las instituciones sevillanas adem\u00e1s de a los miembros del jurado. Entre los asistentes, estuvo el\u00a0secretario de Interior y Espect\u00e1culos P\u00fablicos de la Junta de Andaluc\u00eda,\u00a0Miguel Briones; el\u00a0comisario jefe de la Unidad de Polic\u00eda Adscrita a la Junta de Andaluc\u00eda,\u00a0Antonio Burgos Berm\u00fadez; el\u00a0general de la Guardia Civil en Andaluc\u00eda,\u00a0Alfonso Rodr\u00edguez Castillo y el\u00a0director gerente de Congresos y Turismo de Sevilla, Antonio Jim\u00e9nez; el\u00a0presidente del jurado y director general de la zona sur de Vincci Hoteles,\u00a0Rafael Calero,\u00a0y\u00a0el director de Vincci La R\u00e1bida, Jos\u00e9 Luis Garc\u00eda Mera.<\/p>\n<p>El diestro sevillano recibi\u00f3 este reconocimiento por su faena durante la Feria de 2019 y por \u201csu naturalidad, torer\u00eda y por despertar la ilusi\u00f3n a la afici\u00f3n sevillana, que ha vuelto a so\u00f1ar con el toreo cl\u00e1sico\u201d, seg\u00fan determin\u00f3 el jurado compuesto por Luis Manuel Halc\u00f3n (Conde de Pe\u00f1aflor), Ram\u00f3n Ybarra, Rafael L\u00f3pez Polanco, Miguel Serrano, Jos\u00e9 Murube, Enrique Moreno de la Cova, Juan Manuel Albendea (D.E.P.), Vicente Ramos (D.E.P.), Jos\u00e9 Morillo (secretario) y Rafael Calero, presidente del mismo.<\/p>\n<p>El Premio Taurino \u2018Al Detalle para el Recuerdo\u2019 apoya e intenta reconocer cada a\u00f1o la labor de los participantes en la feria. Entre los premiados en ediciones anteriores se encuentran las ganader\u00edas de Garcigrande, Victorino Mart\u00edn y Miura, y los diestros Jos\u00e9 Antonio \u2018Morante de la Puebla\u2019, Juli\u00e1n L\u00f3pez \u2018El Juli\u2019 y Enrique Ponce, entre otros.<\/p>\n<p>Los premios nacieron porque \u201cuna de nuestras grandes pasiones siempre ha sido el mundo del toro\u201d, explica Rafael Calero. Por ello, a\u00f1ade sentirse orgulloso de que \u00abmuchos de estos toreros decidan alojarse con nosotros, dada nuestra admiraci\u00f3n y profundo respeto por esta profesi\u00f3n\u201d.<\/p>\n","protected":false},"excerpt":{"rendered":"<p>La CR\u00d3NICA El torero\u00a0Pablo Aguado\u00a0recogi\u00f3 el Premio Taurino \u2018Al Detalle para el Recuerdo 2019\u2019\u00a0en un acto celebrado en el hotel sevillano Vincci La R\u00e1bida. <a class=\"continue-reading-link\" href=\"https:\/\/lacronicadesevilla.es\/index.php\/2022\/05\/02\/el-torero-pablo-aguado-recibe-el-premio-taurino-al-detalle-para-el-recuerdo-2019-por-su-naturalidad-y-clasicismo\/\"><\/a><\/p>\n","protected":false},"author":1,"featured_media":0,"comment_status":"closed","ping_status":"closed","sticky":false,"template":"","format":"standard","meta":{"footnotes":""},"categories":[8],"tags":[],"class_list":["post-5653","post","type-post","status-publish","format-standard","hentry","category-sevilla"],"_links":{"self":[{"href":"https:\/\/lacronicadesevilla.es\/index.php\/wp-json\/wp\/v2\/posts\/5653","targetHints":{"allow":["GET"]}}],"collection":[{"href":"https:\/\/lacronicadesevilla.es\/index.php\/wp-json\/wp\/v2\/posts"}],"about":[{"href":"https:\/\/lacronicadesevilla.es\/index.php\/wp-json\/wp\/v2\/types\/post"}],"author":[{"embeddable":true,"href":"https:\/\/lacronicadesevilla.es\/index.php\/wp-json\/wp\/v2\/users\/1"}],"replies":[{"embeddable":true,"href":"https:\/\/lacronicadesevilla.es\/index.php\/wp-json\/wp\/v2\/comments?post=5653"}],"version-history":[{"count":8,"href":"https:\/\/lacronicadesevilla.es\/index.php\/wp-json\/wp\/v2\/posts\/5653\/revisions"}],"predecessor-version":[{"id":5675,"href":"https:\/\/lacronicadesevilla.es\/index.php\/wp-json\/wp\/v2\/posts\/5653\/revisions\/5675"}],"wp:attachment":[{"href":"https:\/\/lacronicadesevilla.es\/index.php\/wp-json\/wp\/v2\/media?parent=5653"}],"wp:term":[{"taxonomy":"category","embeddable":true,"href":"https:\/\/lacronicadesevilla.es\/index.php\/wp-json\/wp\/v2\/categories?post=5653"},{"taxonomy":"post_tag","embeddable":true,"href":"https:\/\/lacronicadesevilla.es\/index.php\/wp-json\/wp\/v2\/tags?post=5653"}],"curies":[{"name":"wp","href":"https:\/\/api.w.org\/{rel}","templated":true}]}}