{"id":5660,"date":"2022-05-02T20:55:45","date_gmt":"2022-05-02T19:55:45","guid":{"rendered":"http:\/\/lacronicadesevilla.es\/?p=5660"},"modified":"2024-03-15T13:21:17","modified_gmt":"2024-03-15T12:21:17","slug":"proyecto-capitan-volante-fomenta-el-deporte-para-superar-los-efectos-del-cancer-infantil-y-juvenil","status":"publish","type":"post","link":"https:\/\/lacronicadesevilla.es\/index.php\/2022\/05\/02\/proyecto-capitan-volante-fomenta-el-deporte-para-superar-los-efectos-del-cancer-infantil-y-juvenil\/","title":{"rendered":"Capit\u00e1n Volante fomenta el deporte para superar los efectos del c\u00e1ncer infantil y juvenil"},"content":{"rendered":"<p>La CR\u00d3NICA<\/p>\n<p>El <strong>proyecto Capit\u00e1n Volante<\/strong> 2022 se ha presentado en el Club N\u00e1utico Sevilla. Su objetivo es dar visibilidad y recaudar fondos para la Asociaci\u00f3n Espa\u00f1ola para los efectos del tratamiento del c\u00e1ncer (<a href=\"https:\/\/asociacionetc.org\/\">AEetc<\/a>).<!--more--><\/p>\n<p>A la presentaci\u00f3n asisti\u00f3 <strong>la madrina del proyecto, la extenista profesional Carla Su\u00e1rez<\/strong>, todo un ejemplo de superaci\u00f3n personal al dejar atr\u00e1s un linfoma de Hodgkin.<\/p>\n<p>Con el fin de impulsar el citado proyecto, se ha organizado junto con la Unidad de Oncolog\u00eda Pedi\u00e1trica del Hospital Virgen del Roc\u00edo tres retos deportivos, que pretenden fomentar, especialmente en ni\u00f1os y adolescentes, la pr\u00e1ctica del deporte como una forma de superar las secuelas del tratamiento oncol\u00f3gico.<\/p>\n<p>Los<strong> tres retos programados<\/strong> en el presente a\u00f1o, <strong>de running, nataci\u00f3n y triatl\u00f3n<\/strong>, arrancaron en abril con una prueba de\u00a0<strong>carrera a pie de Madrid a Sevilla<\/strong>\u00a0en cinco etapas sin relevos. En una carrera sin precedentes, cinco corredores (Benji Alcober, Manuel San Emeterio, Carlos Manuel Fern\u00e1ndez, Sergio Gonz\u00e1lez-Caballos y Manuel Olmo) unieron ambas ciudades por un trazado de 560 kil\u00f3metros, que discurri\u00f3 mayormente por caminos y pistas forestales, realizado en cinco etapas de unos 110 kil\u00f3metros cada una en r\u00e9gimen de semiautosuficiencia.<\/p>\n<p>El <strong>segundo reto<\/strong> se celebra el 1 y 2 de julio y es un <strong>descenso a nado del r\u00edo Guadalquivir<\/strong>\u00a0desde Sevilla\u00a0hasta Sanl\u00facar de Barrameda. A lo largo de 90 kil\u00f3metros y sin relevos, nueve nadadores invertir\u00e1n el recorrido ya realizado el pasado a\u00f1o por primera vez a lo largo de dos jornadas, para lo que tendr\u00e1n que invertir unas 11.000 brazadas. Los protagonistas ser\u00e1n Javier Segovia, Sergio Gonz\u00e1lez-Caballos, Jos\u00e9 Calder\u00f3n, Myriam G\u00f3mez, Miguel Noguer, Miguel Manuel Olmo, \u00c1ngel Valc\u00e1rcel, Manuel Soto y \u00c1lvaro Jim\u00e9nez.<\/p>\n<p>Por \u00faltimo, del 7 al 9 de octubre se disputar\u00e1 un\u00a0<strong>triple ironman<\/strong>\u00a0con Benito Castellanos, Manuel Olmo, Manuel Soto y Sergio Gonz\u00e1lez-Caballos como protagonistas. Por primera vez en Andaluc\u00eda, se llevar\u00e1 a cabo un triatl\u00f3n en modalidad <em>non-stop<\/em> con las siguientes distancias: 11.4 kil\u00f3metros de nataci\u00f3n, 540 kil\u00f3metros de ciclismo y 126 kil\u00f3metros de carrera a pie.<\/p>\n<p>La nataci\u00f3n se llevar\u00e1 a cabo en la d\u00e1rsena del Guadalquivir en un circuito de 2.000 metros, de forma que se podr\u00e1 acompa\u00f1ar a los triatletas a trav\u00e9s de un dorsal solidario. El ciclismo se realizar\u00e1 entre las provincias de Sevilla, C\u00f3rdoba y Huelva, mientras que la carrera a pie, al igual que la nataci\u00f3n, se har\u00e1 en la ciudad de Sevilla, en un circuito de 10 kil\u00f3metros, de forma que tambi\u00e9n se podr\u00e1 acompa\u00f1ar a los triatletas a trav\u00e9s del dorsal solidario. La previsi\u00f3n de tiempo para realizar toda la prueba por parte de los triatletas es de unas 50 horas<\/p>\n<p>M\u00e1s all\u00e1 de un mero programa deportivo, Capit\u00e1n Volante quiere ser un proyecto de vida que tiene como objetivo que el ni\u00f1o y\/o adolescente que sobrevive al c\u00e1ncer con secuelas se forme como deportista, participe en competiciones y, quiz\u00e1 alg\u00fan d\u00eda, llegue incluso a competir en unos Juegos Paral\u00edmpicos. De esta manera, su discapacidad, disfunci\u00f3n o desventaja inicial se convertir\u00e1 en algo positivo porque su integraci\u00f3n en los equipos paral\u00edmpicos ser\u00e1 beneficiosa a nivel f\u00edsico, cognitivo y emocional y, adem\u00e1s, les ayudar\u00e1 a integrarse social y laboralmente.<\/p>\n<p>Capit\u00e1n Volante tiene como patrocinadores a Club N\u00e1utico Sevilla,\u00a0Enterprise rent-a-car,\u00a0In Muv Salud y Deporte,\u00a0alssport.es\u00a0y la\u00a0Asociaci\u00f3n Deporte vs C\u00e1ncer infantil. Sus promotores lo definen como un sue\u00f1o que nace de los padres de ni\u00f1os con c\u00e1ncer, representados por la Asociaci\u00f3n AEetc y la Unidad de Oncolog\u00eda Pedi\u00e1trica del Hospital Universitario Virgen del Roc\u00edo de Sevilla.<\/p>\n","protected":false},"excerpt":{"rendered":"<p>La CR\u00d3NICA El proyecto Capit\u00e1n Volante 2022 se ha presentado en el Club N\u00e1utico Sevilla. Su objetivo es dar visibilidad y recaudar fondos para la Asociaci\u00f3n Espa\u00f1ola para los efectos del tratamiento del c\u00e1ncer (AEetc). <a class=\"continue-reading-link\" href=\"https:\/\/lacronicadesevilla.es\/index.php\/2022\/05\/02\/proyecto-capitan-volante-fomenta-el-deporte-para-superar-los-efectos-del-cancer-infantil-y-juvenil\/\"><\/a><\/p>\n","protected":false},"author":1,"featured_media":0,"comment_status":"closed","ping_status":"closed","sticky":false,"template":"","format":"standard","meta":{"footnotes":""},"categories":[13],"tags":[],"class_list":["post-5660","post","type-post","status-publish","format-standard","hentry","category-deportes"],"_links":{"self":[{"href":"https:\/\/lacronicadesevilla.es\/index.php\/wp-json\/wp\/v2\/posts\/5660","targetHints":{"allow":["GET"]}}],"collection":[{"href":"https:\/\/lacronicadesevilla.es\/index.php\/wp-json\/wp\/v2\/posts"}],"about":[{"href":"https:\/\/lacronicadesevilla.es\/index.php\/wp-json\/wp\/v2\/types\/post"}],"author":[{"embeddable":true,"href":"https:\/\/lacronicadesevilla.es\/index.php\/wp-json\/wp\/v2\/users\/1"}],"replies":[{"embeddable":true,"href":"https:\/\/lacronicadesevilla.es\/index.php\/wp-json\/wp\/v2\/comments?post=5660"}],"version-history":[{"count":7,"href":"https:\/\/lacronicadesevilla.es\/index.php\/wp-json\/wp\/v2\/posts\/5660\/revisions"}],"predecessor-version":[{"id":8112,"href":"https:\/\/lacronicadesevilla.es\/index.php\/wp-json\/wp\/v2\/posts\/5660\/revisions\/8112"}],"wp:attachment":[{"href":"https:\/\/lacronicadesevilla.es\/index.php\/wp-json\/wp\/v2\/media?parent=5660"}],"wp:term":[{"taxonomy":"category","embeddable":true,"href":"https:\/\/lacronicadesevilla.es\/index.php\/wp-json\/wp\/v2\/categories?post=5660"},{"taxonomy":"post_tag","embeddable":true,"href":"https:\/\/lacronicadesevilla.es\/index.php\/wp-json\/wp\/v2\/tags?post=5660"}],"curies":[{"name":"wp","href":"https:\/\/api.w.org\/{rel}","templated":true}]}}