{"id":5759,"date":"2023-03-30T09:33:55","date_gmt":"2023-03-30T08:33:55","guid":{"rendered":"http:\/\/lacronicadesevilla.es\/?p=5759"},"modified":"2023-06-19T14:57:25","modified_gmt":"2023-06-19T13:57:25","slug":"los-periodistas-no-somos-marcianos-somos-un-reflejo-de-la-sociedad","status":"publish","type":"post","link":"https:\/\/lacronicadesevilla.es\/index.php\/2023\/03\/30\/los-periodistas-no-somos-marcianos-somos-un-reflejo-de-la-sociedad\/","title":{"rendered":"\u00abLos periodistas no somos marcianos,\u00a0somos un reflejo de la sociedad\u00bb"},"content":{"rendered":"<ul>\n<li><strong>Entrevista a \u00c1ngel Exp\u00f3sito, director del programa La Linterna en la cadena COPE<\/strong><\/li>\n<\/ul>\n<p><span class=\"Apple-converted-space\"><img loading=\"lazy\" decoding=\"async\" class=\"alignright wp-image-5761\" src=\"http:\/\/lacronicadesevilla.es\/wp-content\/uploads\/2022\/06\/angel-exposito-2.jpg\" alt=\"angel-exposito-2\" width=\"500\" height=\"375\" srcset=\"https:\/\/lacronicadesevilla.es\/wp-content\/uploads\/2022\/06\/angel-exposito-2.jpg 550w, https:\/\/lacronicadesevilla.es\/wp-content\/uploads\/2022\/06\/angel-exposito-2-300x225.jpg 300w, https:\/\/lacronicadesevilla.es\/wp-content\/uploads\/2022\/06\/angel-exposito-2-466x350.jpg 466w, https:\/\/lacronicadesevilla.es\/wp-content\/uploads\/2022\/06\/angel-exposito-2-150x113.jpg 150w\" sizes=\"auto, (max-width: 500px) 100vw, 500px\" \/>Ana\u00a0MONTIEL<\/span><\/p>\n<p>Seg\u00fan el Estudio General de Medios, en torno a un mill\u00f3n de personas escuchan cada tarde al periodista <strong>\u00c1ngel Exp\u00f3sito en su programa La Linterna<\/strong>, de la COPE, del que es director.<!--more--><\/p>\n<p>Acumula una larga trayectoria en la industria period\u00edstica,<span class=\"Apple-converted-space\">\u00a0 <\/span>desde que comenz\u00f3 como becario en la agencia Europa Press mientras estudiaba la carrera de Periodismo. Cuenta que uno de sus momentos memorables fue el d\u00eda que le llamaron, siendo director de Europa Press, para ofrecerle ser el director del diario ABC.<\/p>\n<p><b>Pregunta. \u00bfC\u00f3mo ve el panorama period\u00edstico actual?<br \/>\n<\/b><b>Respuesta.<\/b> Los periodistas no somos marcianos. Somos, en lo editorial y en lo profesional, un reflejo del conjunto de la sociedad. Por tanto, en una sociedad en crisis econ\u00f3mica y polarizada en lo pol\u00edtico, el periodismo est\u00e1 especialmente crispado. Algunos intentamos ponerle otro tono, tanto en nuestro oficio como en nuestro trabajo, pero el periodismo es un reflejo de la sociedad. Si la sociedad est\u00e1 crispada, tensa o en crisis, el periodismo y las empresas tambi\u00e9n lo est\u00e1n.<\/p>\n<p><b> P. Ha trabajado en los cuatro medios (prensa, radio, televisi\u00f3n e Internet), \u00bfcon cu\u00e1l se queda y por qu\u00e9?<br \/>\n<\/b><b>R.<\/b> Me quedo con el que estoy ahora mismo, la radio. He trabajado en agencias, en peri\u00f3dicos, en televisi\u00f3n, tengo un videoblog, he hecho y hago radio&#8230; Y sin duda, en el soporte que m\u00e1s me gusta hacer periodismo es en la radio.<span class=\"Apple-converted-space\">\u00a0<\/span><\/p>\n<p><b>P. \u00bfAlguna an\u00e9cdota que siempre recuerde de su trayectoria?<br \/>\n<\/b><b>R.<\/b> Muchas. El d\u00eda que me llamaron siendo director de Europa Press para ficharme como director de ABC, por ejemplo. Son d\u00edas en los que te quedas bastante sorprendido. Tambi\u00e9n, los viajes, como a Mosul en la guerra de Irak o al Puente Sim\u00f3n Bol\u00edvar, viviendo muy de cerca el drama de la inmigraci\u00f3n en Venezuela o alg\u00fan viaje a \u00c1frica. Afganist\u00e1n tambi\u00e9n me marc\u00f3 mucho.<\/p>\n<p><b>P. \u00bfY alg\u00fan momento en que haya dicho: \u201cTierra, tr\u00e1game\u201d?<br \/>\n<\/b><b>R. <\/b>Cuando metes la pata y tienes que sacarla. Recuerdo que trabajando en Europa Press, hubo alg\u00fan que otro error muy gordo, que luego tuvo que rectificarse. Siendo director de esta agencia, tambi\u00e9n recuerdo alguna portada equivocada, que no era cierta y que tuvimos que corregir,<span class=\"Apple-converted-space\">\u00a0 <\/span>porque la propia fuente se hab\u00eda equivocado.<span class=\"Apple-converted-space\">\u00a0 <\/span>Luego est\u00e1n los directos en la radio, que te dan un mont\u00f3n de an\u00e9cdotas. Una vez se qued\u00f3 abierto el micr\u00f3fono y se me ocurri\u00f3 decirle a un colega que estaba en control \u201cse\u00f1o, \u00bfpuedo ir a hacer pis?\u201d. Hay an\u00e9cdotas que son de risas y otras que son errores.<\/p>\n<h4 style=\"text-align: center;\"><span class=\"Apple-converted-space\"><strong>A\u00a0<\/strong><\/span><strong>pesar de su completa trayectoria profesional,<\/strong><br \/>\n<strong>asegura que a\u00fan le queda\u00a0mucho\u00a0por hacer<br \/>\ncomo\u00a0<\/strong><strong>\u00ab<\/strong><strong>el programa\u00a0de\u00a0esta misma tarde\u00bb<\/strong><\/h4>\n<p><b><br \/>\nP. \u00bfQu\u00e9 le diferencia del resto de comunicadores?<br \/>\n<\/b><b>R.<\/b> Habr\u00eda que pregunt\u00e1rselo a otros comunicadores o a los oyentes. Sinceramente, yo creo que es la naturalidad. El tono de normalidad y coloquialidad es clave para el oyente. El parecer que est\u00e1s hablando con \u00e9l de t\u00fa a t\u00fa.<\/p>\n<p><b>P. \u00bfHa tenido desde joven alg\u00fan comunicador como referente?<br \/>\n<\/b><b>R.<\/b> Ahora mismo, sin duda, es Carlos Herrera. Y Manolo Lamas por la manera en la que hace deporte. De peque\u00f1o estaba enganchado a la radio con I\u00f1aki Gabilondo. Y con quien m\u00e1s trabaj\u00e9 y de quien m\u00e1s aprend\u00ed, cuando menos sab\u00eda del oficio, fue con Ferm\u00edn Bocos.<\/p>\n<p><b>P. \u00bfC\u00f3mo se prepara su programa de radio?<br \/>\n<\/b><b>R.<\/b> Con la ayuda de mucho equipo. Desde primera hora de la ma\u00f1ana, se van viendo los diferentes temas del d\u00eda y se preparan las diferentes secciones. Y adem\u00e1s, con muchos d\u00edas de antelaci\u00f3n. Estamos preparando viajes y operaciones especiales para dentro de 15 d\u00edas, 3 meses..<\/p>\n<p><b>P. En relaci\u00f3n a temas candentes, como la guerra Rusia-Ucrania, la inflaci\u00f3n, la crisis del Gobierno\u2026, \u00bfhasta qu\u00e9 punto un periodista puede hablar con total libertad?<br \/>\n<\/b><b>R.<\/b> Tengo la suerte de que no me suelen poner cortapisas. La libertad es la que te marques t\u00fa, podr\u00eda fijarla en la educaci\u00f3n. Y a partir de ah\u00ed, yo no tengo problema en decir, pr\u00e1cticamente, todo.<\/p>\n<p><b>P. \u00c1ngel, \u00bfcu\u00e1ntas veces ha tenido que morderse la lengua?<br \/>\n<\/b><b>R. <\/b>Todos los d\u00edas, muchas, incontables.<span class=\"Apple-converted-space\">\u00a0<\/span><\/p>\n<p><b>P. \u00bfQu\u00e9 hacemos con la superabundancia informativa para que sea favorable a la ciudadan\u00eda?<br \/>\n<\/b><b>R.<\/b> Estar lo m\u00e1s preparados posibles para tener esp\u00edritu cr\u00edtico, para saber distinguir entre lo que es verdad y lo que es mentira. Es complicado, y m\u00e1s en una era en la que se obtiene informaci\u00f3n a trav\u00e9s de la tele, la radio, las redes sociales. Hay que intentar ser fr\u00edo, cr\u00edtico y plural. Eso ser\u00eda lo ideal.<span class=\"Apple-converted-space\">\u00a0<\/span><\/p>\n<h4 style=\"text-align: center;\"><b>Creo que mi \u00e9xito radica en el tono natural<br \/>\ny la coloquialidad, que el oyente perciba<br \/>\nque estoy hablando con \u00e9l, de t\u00fa a t\u00fa<span class=\"Apple-converted-space\">\u00a0<\/span><\/b><\/h4>\n<p><b><br \/>\nP. \u00bfAlguna vez ha ca\u00eddo en algun<\/b><strong>a <i>fake new<\/i>?<\/strong><b><br \/>\n<\/b><b>R.<\/b> No es que haya ca\u00eddo, es que no queda otra. No es tanto que la fuente se equivoque o que yo lo haga mal, eso forma parte de los errores humanos. En los \u00faltimos a\u00f1os, hemos informado sobre la cifra de muertos por Covid y era mentira. Desde las fuentes oficiales se nos ha dicho que hay 105.000 muertos, pero pueden ir por 160.000. Ha sido una manipulaci\u00f3n que nos han colado durante mucho tiempo, hasta que empezamos a investigar.<\/p>\n<p><b>P. Hablando de radio, \u00bfqu\u00e9 piensa sobre que la l\u00ednea entre lo auditivo y lo audiovisual se est\u00e9 traspasando?<br \/>\n<\/b><b>R. <\/b>Es un complemento. La radio es una cosa y la televisi\u00f3n es otra. Los experimentos que se han hecho de hacer televisi\u00f3n grabando una tertulia de radio no han funcionado. Otra cosa es que yo tenga a un pol\u00edtico, como hace poco tuve a Javier Solana con la movida de la OTAN, y que se retransmita en <i>streaming <\/i>para que ese podcast se pueda o\u00edr cuando cada uno quiera. Eso s\u00ed, en un programa de televisi\u00f3n puedes meter audios de la radio y un programa de radio puede tener como complemento una sesi\u00f3n grabada. Pero son cosas distintas.<span class=\"Apple-converted-space\">\u00a0<\/span><\/p>\n<p><b>P. Seg\u00fan el EGM, la radio es el medio menos consumido por los j\u00f3venes. \u00bfQu\u00e9 le falta a la radio para conectar con ellos?<br \/>\n<\/b><b>R<\/b>. Esto se empieza a ver con la aparici\u00f3n de otras maneras de escuchar m\u00fasica. En mi \u00e9poca pon\u00edas la radio para o\u00edr lo que te gustaba. Ahora, tienes tu <i>playlist<\/i> en el tel\u00e9fono. Esa es la diferencia. Las tecnolog\u00edas y la manera de poner m\u00fasica han cambiado.<\/p>\n<p><b>P. \u00bfQu\u00e9 le falta por hacer en su carrera como periodista?<br \/>\n<\/b><b>R. <\/b>Mucho. El programa de esta tarde, el de la semana que viene, el pr\u00f3ximo viaje, la mejor operaci\u00f3n especial que podamos hacer. Esto no para nunca. Si escribo una columna, me falta la mejor columna posible. Y as\u00ed sucesivamente. En este oficio nunca se para de aprender y crecer.<span class=\"Apple-converted-space\">\u00a0<\/span><\/p>\n","protected":false},"excerpt":{"rendered":"<p>Entrevista a \u00c1ngel Exp\u00f3sito, director del programa La Linterna en la cadena COPE Ana\u00a0MONTIEL Seg\u00fan el Estudio General de Medios, en torno a un mill\u00f3n de personas escuchan cada tarde al periodista \u00c1ngel Exp\u00f3sito en su programa La Linterna, de la COPE, del que es director. <a class=\"continue-reading-link\" href=\"https:\/\/lacronicadesevilla.es\/index.php\/2023\/03\/30\/los-periodistas-no-somos-marcianos-somos-un-reflejo-de-la-sociedad\/\"><\/a><\/p>\n","protected":false},"author":1,"featured_media":0,"comment_status":"closed","ping_status":"closed","sticky":false,"template":"","format":"standard","meta":{"footnotes":""},"categories":[14],"tags":[],"class_list":["post-5759","post","type-post","status-publish","format-standard","hentry","category-comunicacion"],"_links":{"self":[{"href":"https:\/\/lacronicadesevilla.es\/index.php\/wp-json\/wp\/v2\/posts\/5759","targetHints":{"allow":["GET"]}}],"collection":[{"href":"https:\/\/lacronicadesevilla.es\/index.php\/wp-json\/wp\/v2\/posts"}],"about":[{"href":"https:\/\/lacronicadesevilla.es\/index.php\/wp-json\/wp\/v2\/types\/post"}],"author":[{"embeddable":true,"href":"https:\/\/lacronicadesevilla.es\/index.php\/wp-json\/wp\/v2\/users\/1"}],"replies":[{"embeddable":true,"href":"https:\/\/lacronicadesevilla.es\/index.php\/wp-json\/wp\/v2\/comments?post=5759"}],"version-history":[{"count":15,"href":"https:\/\/lacronicadesevilla.es\/index.php\/wp-json\/wp\/v2\/posts\/5759\/revisions"}],"predecessor-version":[{"id":7247,"href":"https:\/\/lacronicadesevilla.es\/index.php\/wp-json\/wp\/v2\/posts\/5759\/revisions\/7247"}],"wp:attachment":[{"href":"https:\/\/lacronicadesevilla.es\/index.php\/wp-json\/wp\/v2\/media?parent=5759"}],"wp:term":[{"taxonomy":"category","embeddable":true,"href":"https:\/\/lacronicadesevilla.es\/index.php\/wp-json\/wp\/v2\/categories?post=5759"},{"taxonomy":"post_tag","embeddable":true,"href":"https:\/\/lacronicadesevilla.es\/index.php\/wp-json\/wp\/v2\/tags?post=5759"}],"curies":[{"name":"wp","href":"https:\/\/api.w.org\/{rel}","templated":true}]}}