{"id":5793,"date":"2022-06-29T10:10:41","date_gmt":"2022-06-29T09:10:41","guid":{"rendered":"http:\/\/lacronicadesevilla.es\/?p=5793"},"modified":"2022-06-29T21:00:43","modified_gmt":"2022-06-29T20:00:43","slug":"metaverso-y-realidad-analogica-comparten-portada-en-el-numero-25-de-la-cronica-de-sevilla","status":"publish","type":"post","link":"https:\/\/lacronicadesevilla.es\/index.php\/2022\/06\/29\/metaverso-y-realidad-analogica-comparten-portada-en-el-numero-25-de-la-cronica-de-sevilla\/","title":{"rendered":"Metaverso y realidad anal\u00f3gica comparten portada en el n\u00famero 25 de La Cr\u00f3nica de Sevilla"},"content":{"rendered":"<p class=\"texto-2ESTILOS-2\">Inma MARTIN \/ Directora de <a href=\"https:\/\/issuu.com\/lacronicadesevilla\" target=\"_blank\">La Cr\u00f3nica de Sevilla<\/a><\/p>\n<p class=\"texto-2ESTILOS-2\">En este <a href=\"https:\/\/issuu.com\/lacronicadesevilla\/docs\/cronica-sevilla-25\" target=\"_blank\">nuevo n\u00famero<\/a> de La Cr\u00f3nica de Sevilla llevamos en portada el <strong>metaverso<\/strong>, ese otro mundo virtual, fruto de una imparable revoluci\u00f3n tecnol\u00f3gica, donde nos desempe\u00f1aremos con nuestros avatares a trav\u00e9s de dispositivos electr\u00f3nicos.\u00a0<!--more--><\/p>\n<p class=\"texto-2ESTILOS-2\"><a href=\"https:\/\/issuu.com\/lacronicadesevilla\/docs\/cronica-sevilla-25\"><img loading=\"lazy\" decoding=\"async\" class=\"alignright wp-image-5801\" src=\"http:\/\/lacronicadesevilla.es\/wp-content\/uploads\/2022\/06\/portadita-texto.jpg\" alt=\"portadita-texto\" width=\"349\" height=\"491\" srcset=\"https:\/\/lacronicadesevilla.es\/wp-content\/uploads\/2022\/06\/portadita-texto.jpg 450w, https:\/\/lacronicadesevilla.es\/wp-content\/uploads\/2022\/06\/portadita-texto-213x300.jpg 213w, https:\/\/lacronicadesevilla.es\/wp-content\/uploads\/2022\/06\/portadita-texto-248x350.jpg 248w, https:\/\/lacronicadesevilla.es\/wp-content\/uploads\/2022\/06\/portadita-texto-106x150.jpg 106w\" sizes=\"auto, (max-width: 349px) 100vw, 349px\" \/><\/a>Uno de los elementos de este universo paralelo son los <a href=\"https:\/\/issuu.com\/lacronicadesevilla\/docs\/cronica-sevilla-25\/8\">NFT<\/a> (<em>Non Fungible Tokens<\/em>) a los que dedicamos un reportaje. Est\u00e1n presentes en m\u00faltiples sectores: el arte, la moda, la tecnolog\u00eda o el deporte; y algunos de estos activos alcanzan en el mercado precios astron\u00f3micos. Es el caso del <strong>primer tuit de uno de los cofundadores de Twitter<\/strong>, Jack Dorsey, que fue adquirido por casi tres millones de euros.<\/p>\n<p class=\"texto-2ESTILOS-2\"><span style=\"letter-spacing: -.15pt;\">En un plano m\u00e1s real, figuran las dos entrevistas que se publican en el presente n\u00famero: al <a href=\"https:\/\/issuu.com\/lacronicadesevilla\/docs\/cronica-sevilla-25\/4\">sacerdote Pl\u00e1cido D\u00edaz<\/a> y al periodista \u00c1ngel Exp\u00f3sito. El primero de ellos es un sacerdote joven que ejerce en la parroquia de Santiago de la localidad sevillana de Utrera. Experto en Mariolog\u00eda, opina que la Iglesia necesita la fuerza y la ilusi\u00f3n de las generaciones m\u00e1s j\u00f3venes.<\/span><\/p>\n<p class=\"texto-2ESTILOS-2\"><span style=\"letter-spacing: -.15pt;\">Tambi\u00e9n hemos hablado con el periodista <a href=\"https:\/\/issuu.com\/lacronicadesevilla\/docs\/cronica-sevilla-25\/10\">\u00c1ngel Exp\u00f3sito<\/a> sobre temas diversos como la comunicaci\u00f3n, la pol\u00edtica, la econom\u00eda o las noticias falsas. El director del programa <strong>La Linterna en COPE<\/strong> tiene claro cu\u00e1l es la clave de su \u00e9xito: \u201cel tono natural y la coloquialidad, que el oyente perciba que estoy hablando con \u00e9l\u201d.<\/span><\/p>\n<p class=\"texto-2ESTILOS-2\"><span style=\"letter-spacing: -.1pt;\">De cara a la temporada estival, hemos incluido una cr\u00f3nica de viaje a <a href=\"https:\/\/issuu.com\/lacronicadesevilla\/docs\/cronica-sevilla-25\/2\">M\u00f3naco<\/a>, con sugerencias para vivir un d\u00eda de lujo en el principado, que culmina contemplando la puesta de sol en la terraza del restaurante <em>Quai des Artistes<\/em>. Y una gu\u00eda de <a href=\"https:\/\/issuu.com\/lacronicadesevilla\/docs\/cronica-sevilla-25\/14\">los conciertos y los festivales de verano<\/a>, pues la m\u00fasica regresa con fuerza tras la pandemia.<\/span><\/p>\n<p class=\"texto-2ESTILOS-2\">Otro art\u00edculo se recrea en las tendencias en <a href=\"https:\/\/issuu.com\/lacronicadesevilla\/docs\/cronica-sevilla-25\/6\">moda<\/a> para la pr\u00f3xima temporada de invierno, <span style=\"letter-spacing: -.15pt;\">destacando el <strong>protagonismo del color rosa y de la cl\u00e1sica gabardina<\/strong>. Por su parte, en la secci\u00f3n Comunicaci\u00f3n abordamos los cambios que afronta la cadena de televisi\u00f3n <a href=\"https:\/\/issuu.com\/lacronicadesevilla\/docs\/cronica-sevilla-25\/12\">Telecinco<\/a>. La falta de variedad de formatos y presentadores le ha pasado factura a sus niveles de audiencia. Nos obstante, la cadena tiene experiencia de sobra para remontar el bache.<\/span><\/p>\n<p class=\"texto-2ESTILOS-2\">Concluimos este sumario de contenidos con una declaraci\u00f3n de intenciones: ya sea en los mundos pseudorreales del metarverso, en el amplio ciberespacio o en un plano puramente anal\u00f3gico, nuestro inter\u00e9s es la informaci\u00f3n; y reci\u00e9n publicado este n\u00famero de La Cr\u00f3nica ya pensamos y trabajamos en nuevos temas y reportajes.<\/p>\n<p class=\"texto-2ESTILOS-2\">\n","protected":false},"excerpt":{"rendered":"<p>Inma MARTIN \/ Directora de La Cr\u00f3nica de Sevilla En este nuevo n\u00famero de La Cr\u00f3nica de Sevilla llevamos en portada el metaverso, ese otro mundo virtual, fruto de una imparable revoluci\u00f3n tecnol\u00f3gica, donde nos desempe\u00f1aremos con nuestros avatares a trav\u00e9s de dispositivos electr\u00f3nicos.\u00a0 <a class=\"continue-reading-link\" href=\"https:\/\/lacronicadesevilla.es\/index.php\/2022\/06\/29\/metaverso-y-realidad-analogica-comparten-portada-en-el-numero-25-de-la-cronica-de-sevilla\/\"><\/a><\/p>\n","protected":false},"author":1,"featured_media":0,"comment_status":"closed","ping_status":"closed","sticky":false,"template":"","format":"standard","meta":{"footnotes":""},"categories":[14],"tags":[86,931,494,930,256,495,932],"class_list":["post-5793","post","type-post","status-publish","format-standard","hentry","category-comunicacion","tag-ceade","tag-centro-san-isidoro","tag-la-cronica-de-sevilla","tag-metaverso","tag-periodismo","tag-revista","tag-upo"],"_links":{"self":[{"href":"https:\/\/lacronicadesevilla.es\/index.php\/wp-json\/wp\/v2\/posts\/5793","targetHints":{"allow":["GET"]}}],"collection":[{"href":"https:\/\/lacronicadesevilla.es\/index.php\/wp-json\/wp\/v2\/posts"}],"about":[{"href":"https:\/\/lacronicadesevilla.es\/index.php\/wp-json\/wp\/v2\/types\/post"}],"author":[{"embeddable":true,"href":"https:\/\/lacronicadesevilla.es\/index.php\/wp-json\/wp\/v2\/users\/1"}],"replies":[{"embeddable":true,"href":"https:\/\/lacronicadesevilla.es\/index.php\/wp-json\/wp\/v2\/comments?post=5793"}],"version-history":[{"count":22,"href":"https:\/\/lacronicadesevilla.es\/index.php\/wp-json\/wp\/v2\/posts\/5793\/revisions"}],"predecessor-version":[{"id":5854,"href":"https:\/\/lacronicadesevilla.es\/index.php\/wp-json\/wp\/v2\/posts\/5793\/revisions\/5854"}],"wp:attachment":[{"href":"https:\/\/lacronicadesevilla.es\/index.php\/wp-json\/wp\/v2\/media?parent=5793"}],"wp:term":[{"taxonomy":"category","embeddable":true,"href":"https:\/\/lacronicadesevilla.es\/index.php\/wp-json\/wp\/v2\/categories?post=5793"},{"taxonomy":"post_tag","embeddable":true,"href":"https:\/\/lacronicadesevilla.es\/index.php\/wp-json\/wp\/v2\/tags?post=5793"}],"curies":[{"name":"wp","href":"https:\/\/api.w.org\/{rel}","templated":true}]}}