{"id":6711,"date":"2023-02-01T11:46:59","date_gmt":"2023-02-01T10:46:59","guid":{"rendered":"http:\/\/lacronicadesevilla.es\/?p=6711"},"modified":"2023-05-30T14:14:52","modified_gmt":"2023-05-30T13:14:52","slug":"fusion-de-tres-culturas-durante-la-presentacion-en-sevilla-del-xii-festival-islamico-de-mertola","status":"publish","type":"post","link":"https:\/\/lacronicadesevilla.es\/index.php\/2023\/02\/01\/fusion-de-tres-culturas-durante-la-presentacion-en-sevilla-del-xii-festival-islamico-de-mertola\/","title":{"rendered":"Fusi\u00f3n de tres culturas durante la presentaci\u00f3n en Sevilla del XII Festival Isl\u00e1mico de M\u00e9rtola"},"content":{"rendered":"<p><img loading=\"lazy\" decoding=\"async\" class=\"alignright size-full wp-image-6716\" src=\"http:\/\/lacronicadesevilla.es\/wp-content\/uploads\/2023\/04\/cantes-alentajano-mertola.jpg\" alt=\"cantes-alentajano-mertola\" width=\"550\" height=\"287\" srcset=\"https:\/\/lacronicadesevilla.es\/wp-content\/uploads\/2023\/04\/cantes-alentajano-mertola.jpg 550w, https:\/\/lacronicadesevilla.es\/wp-content\/uploads\/2023\/04\/cantes-alentajano-mertola-300x157.jpg 300w, https:\/\/lacronicadesevilla.es\/wp-content\/uploads\/2023\/04\/cantes-alentajano-mertola-150x78.jpg 150w\" sizes=\"auto, (max-width: 550px) 100vw, 550px\" \/>La CR\u00d3NICA<\/p>\n<p><span style=\"font-weight: 400;\">El Consulado General de Portugal en Sevilla ha servido de escenario para la <\/span>presentaci\u00f3n del<b> XII Festival Isl\u00e1mico de M\u00e9rtola<\/b><span style=\"font-weight: 400;\">, durante el cual este municipio conmemora su patrimonio hist\u00f3rico \u00e1rabe.\u00a0<\/span><!--more--><\/p>\n<p><span style=\"font-weight: 400;\">Entre el 18 y el 21 de mayo de 2023, las empedradas calles de M\u00e9rtola, situada al sur de la regi\u00f3n lusa del Alentejo, se engalanar\u00e1n para recordar el legado cultural de sus cinco siglos de historia isl\u00e1mica. A trav\u00e9s de exhibiciones de <strong>baile<\/strong>, mercados de artesan\u00eda que simulan un<strong> zoco<\/strong>, puestos de gastronom\u00eda tradicional, <strong>talleres<\/strong> y otras actividades, la localidad evocar\u00e1 el ambiente y la cultura de su \u00e9poca musulmana, durante la cual funcion\u00f3 como capital de un reino taifa e importante enclave comercial.\u00a0<\/span><\/p>\n<p><span style=\"font-weight: 400;\">La ceremonia de presentaci\u00f3n supuso la fusi\u00f3n de tres culturas diferentes, pero estrechamente relacionadas por razones hist\u00f3ricas y geogr\u00e1ficas: la espa\u00f1ola, la isl\u00e1mica y la lusa. Fue organizada por la C\u00e1mara Municipal de M\u00e9rtola, el Consulado General de Portugal en Sevilla y la Asociaci\u00f3n Isl\u00e1mica de Sevilla, con el apoyo de la Agencia Regional de Promoci\u00f3n Tur\u00edstica del Alentejo. Se cont\u00f3 con la presencia de la c\u00f3nsul general de Portugal en Sevilla, Cl\u00e1udia Boesch; el presidente del Municipio de M\u00e9rtola, M\u00e1rio Tom\u00e9; y Ant\u00f3nio Lacerda, director ejecutivo de la Agencia Regional de Promoci\u00f3n Tur\u00edstica de Alentejo.\u00a0<\/span><\/p>\n<p><img loading=\"lazy\" decoding=\"async\" class=\"alignleft wp-image-6717\" src=\"http:\/\/lacronicadesevilla.es\/wp-content\/uploads\/2023\/04\/logo-festival-mertola-23.jpg\" alt=\"logo-festival-mertola-23\" width=\"350\" height=\"416\" srcset=\"https:\/\/lacronicadesevilla.es\/wp-content\/uploads\/2023\/04\/logo-festival-mertola-23.jpg 400w, https:\/\/lacronicadesevilla.es\/wp-content\/uploads\/2023\/04\/logo-festival-mertola-23-253x300.jpg 253w, https:\/\/lacronicadesevilla.es\/wp-content\/uploads\/2023\/04\/logo-festival-mertola-23-295x350.jpg 295w, https:\/\/lacronicadesevilla.es\/wp-content\/uploads\/2023\/04\/logo-festival-mertola-23-126x150.jpg 126w\" sizes=\"auto, (max-width: 350px) 100vw, 350px\" \/><strong>Un \u00e1rbol de la vida<\/strong><br \/>\nEste a\u00f1o el logotipo del festival recrea un\u00a0\u00e1rbol de la vida, que se inspira, a su vez, en el dibujo de una pieza de cer\u00e1mica del siglo XII que pertenece al Museo de M\u00e9rtola.<\/p>\n<p><span style=\"font-weight: 400;\">Durante su intervenci\u00f3n, Boesch, alent\u00f3 a los asistentes a visitar M\u00e9rtola, especialmente durante los d\u00edas del festival, incidiendo en la importancia de preservar las tradiciones locales y nombrando disciplinas como el <strong>cante alentejano<\/strong>, de gran recorrido hist\u00f3rico.<\/span><\/p>\n<p><span style=\"font-weight: 400;\">Por su parte, M\u00e1rio Tom\u00e9, como presidente del Municipio, se\u00f1al\u00f3 que \u201cM\u00e9rtola es un territorio peque\u00f1o, pero el festival traspasa sus fronteras por su grandeza e importancia. Pues tiene por objetivo promover nuestra historia y cultura, que tambi\u00e9n es la cultura isl\u00e1mica\u201d.\u00a0<\/span><\/p>\n<p><span style=\"font-weight: 400;\">Para la concejala de Cultura de esta ciudad, Rosinda Pimenta, la M\u00e9rtola isl\u00e1mica \u201ces cosmopolita, un encuentro de culturas desde el respeto, y eso es lo que se celebra con este festival\u201d, que favorece el desarrollo territorial e impulsa el turismo cultural de esta zona del Alentejo.<\/span><\/p>\n<p><span style=\"font-weight: 400;\">Entre sus atractivos figura el paso del r\u00edo Guadiana, que convierte a esta ciudad portuguesa en <strong>puerto fluvial<\/strong> y punto de conexi\u00f3n con el Mediterr\u00e1neo; su<strong> campo arqueol\u00f3gico<\/strong>; el castillo; y sus parajes naturales, con una flora y una fauna propias, donde destaca el lince, que ha sido recientemente introducido.<\/span><\/p>\n<p>La presentaci\u00f3n del festival culmin\u00f3 con la actuaci\u00f3n del m\u00fasico Pedro Mestre y el grupo coral alentejano Rancho de Cantadores de Aldeia Nova de San Bento.<\/p>\n","protected":false},"excerpt":{"rendered":"<p>La CR\u00d3NICA El Consulado General de Portugal en Sevilla ha servido de escenario para la presentaci\u00f3n del XII Festival Isl\u00e1mico de M\u00e9rtola, durante el cual este municipio conmemora su patrimonio hist\u00f3rico \u00e1rabe.\u00a0 <a class=\"continue-reading-link\" href=\"https:\/\/lacronicadesevilla.es\/index.php\/2023\/02\/01\/fusion-de-tres-culturas-durante-la-presentacion-en-sevilla-del-xii-festival-islamico-de-mertola\/\"><\/a><\/p>\n","protected":false},"author":1,"featured_media":0,"comment_status":"closed","ping_status":"closed","sticky":false,"template":"","format":"standard","meta":{"footnotes":""},"categories":[12],"tags":[1040,1067,1068,1065,632,1066,236,1021],"class_list":["post-6711","post","type-post","status-publish","format-standard","hentry","category-cultura","tag-1040","tag-alentejo","tag-cante-alentejano","tag-festival-islamico","tag-mayo","tag-mertola","tag-portugal","tag-zoco"],"_links":{"self":[{"href":"https:\/\/lacronicadesevilla.es\/index.php\/wp-json\/wp\/v2\/posts\/6711","targetHints":{"allow":["GET"]}}],"collection":[{"href":"https:\/\/lacronicadesevilla.es\/index.php\/wp-json\/wp\/v2\/posts"}],"about":[{"href":"https:\/\/lacronicadesevilla.es\/index.php\/wp-json\/wp\/v2\/types\/post"}],"author":[{"embeddable":true,"href":"https:\/\/lacronicadesevilla.es\/index.php\/wp-json\/wp\/v2\/users\/1"}],"replies":[{"embeddable":true,"href":"https:\/\/lacronicadesevilla.es\/index.php\/wp-json\/wp\/v2\/comments?post=6711"}],"version-history":[{"count":11,"href":"https:\/\/lacronicadesevilla.es\/index.php\/wp-json\/wp\/v2\/posts\/6711\/revisions"}],"predecessor-version":[{"id":6724,"href":"https:\/\/lacronicadesevilla.es\/index.php\/wp-json\/wp\/v2\/posts\/6711\/revisions\/6724"}],"wp:attachment":[{"href":"https:\/\/lacronicadesevilla.es\/index.php\/wp-json\/wp\/v2\/media?parent=6711"}],"wp:term":[{"taxonomy":"category","embeddable":true,"href":"https:\/\/lacronicadesevilla.es\/index.php\/wp-json\/wp\/v2\/categories?post=6711"},{"taxonomy":"post_tag","embeddable":true,"href":"https:\/\/lacronicadesevilla.es\/index.php\/wp-json\/wp\/v2\/tags?post=6711"}],"curies":[{"name":"wp","href":"https:\/\/api.w.org\/{rel}","templated":true}]}}