{"id":677,"date":"2017-04-05T15:14:00","date_gmt":"2017-04-05T14:14:00","guid":{"rendered":"http:\/\/lacronicadesevilla.es\/?p=677"},"modified":"2017-10-30T12:36:32","modified_gmt":"2017-10-30T11:36:32","slug":"la-importancia-de-la-estimulacion-precoz","status":"publish","type":"post","link":"https:\/\/lacronicadesevilla.es\/index.php\/2017\/04\/05\/la-importancia-de-la-estimulacion-precoz\/","title":{"rendered":"La hermandad del Buen Fin estrena su nuevo centro de estimulaci\u00f3n precoz para ni\u00f1os"},"content":{"rendered":"<p class=\"m_-9115483567442341536gmail-p1\"><span style=\"color: #808080;\">Vanessa KAWAS<\/span><\/p>\n<p class=\"m_-9115483567442341536gmail-p1\"><span class=\"m_-8943252941605722215gmail-s1\">S<\/span><span class=\"m_-8943252941605722215gmail-s1\">evilla es conocida como la ciudad m\u00e1s cofrade del mundo. Durante todo el a\u00f1o, alrededor de 60 hermandades se preparan para la Semana Santa. La hermandad del Buen Fin es una de ellas.\u00a0 Y al igual que la mayor\u00eda de estas corporaciones, lleva a cabo una importante labor social. Hablamos del Centro de Estimulaci\u00f3n Precoz para ni\u00f1os, que lleva 34 a\u00f1os funcionando.<\/span><!--more--><\/p>\n<p class=\"m_-8943252941605722215gmail-p3\"><span class=\"m_-8943252941605722215gmail-s1\">Recientemente, han inaugurado sus nuevas instalaciones, ubicadas en la calle San Vicente, donde siguen atendiendo a ni\u00f1os de entre 0 y 60 meses con alguna discapacidad. Buscan la rehabilitaci\u00f3n de \u00e1reas afectadas como la cognitiva, del lenguaje y la comunicaci\u00f3n. El objetivo es que mediante los tratamientos, que son gratuitos, los ni\u00f1os puedan integrarse en la sociedad. Seg\u00fan la necesidad de cada ni\u00f1o, como mejorar el habla o la psicomotricidad, los terapeutas trabajan con distintos materiales y juegos. A su vez, estos ejercicios personalizados se muestran a los padres para que los repitan en casa. \u00a0<\/span><\/p>\n<p class=\"m_-8943252941605722215gmail-p3\"><span class=\"m_-8943252941605722215gmail-s3\">Javier Vega de la Pe\u00f1a, director del centro desde hace 17 a\u00f1os, expone que las nuevas instalaciones est\u00e1n ubicadas en el antiguo convento de los franciscanos. En 2013, tras la reorganizaci\u00f3n de las casas, este convento qued\u00f3 vac\u00edo y decidieron cederlo a la hermandad para su uso. As\u00ed, ha sido posible pasar de cinco salas de tratamiento a diez. Adem\u00e1s, se cuenta con una sala de psicomotricidad, una sala de formaci\u00f3n y despachos auxiliares.<br \/>\n<\/span><\/p>\n<p class=\"m_-8943252941605722215gmail-p3\"><strong>Con un diagn\u00f3stico m\u00e9dico previo<\/strong><br \/>\nSobre el proceso de admisi\u00f3n de los ni\u00f1os, el director explica que los menores llegan al centro con un diagn\u00f3stico m\u00e9dico a partir del cual los expertos aplican un tratamiento personalizado, pues sostiene que cada ni\u00f1o es distinto.<\/p>\n<p class=\"m_-8943252941605722215gmail-p3\">Los ni\u00f1os asisten, de media, a dos sesiones semanales, de modo que poco a poco se advierte su evoluci\u00f3n. Durante este proceso interviene un completo equipo profesional que est\u00e1 integrado por seis psic\u00f3logos, tres logopedas y dos especialistas en estimulaci\u00f3n precoz.<\/p>\n<p class=\"m_-8943252941605722215gmail-p3\">A pesar de que han sido y son muchos, todos los ni\u00f1os dejan huella en el centro. Javier recuerda el caso de dos de ellos en 2005, a\u00f1o en que se produjo la coronaci\u00f3n de la Virgen de la Palma, que es la virgen titular de esta hermandad. Durante el acto de coronaci\u00f3n, estos ni\u00f1os, que hab\u00edan formado parte del centro, fueron padrinos y participaron en el acto. Javier confiesa que\u00a0 \u201cfue un momento muy emotivo y gratificante para nosotros y para sus padres\u201d.<\/p>\n","protected":false},"excerpt":{"rendered":"<p>Vanessa KAWAS Sevilla es conocida como la ciudad m\u00e1s cofrade del mundo. Durante todo el a\u00f1o, alrededor de 60 hermandades se preparan para la Semana Santa. La hermandad del Buen Fin es una de ellas.\u00a0 Y al igual que la mayor\u00eda de estas corporaciones, lleva a cabo una importante labor\u2026 <a class=\"continue-reading-link\" href=\"https:\/\/lacronicadesevilla.es\/index.php\/2017\/04\/05\/la-importancia-de-la-estimulacion-precoz\/\"><\/a><\/p>\n","protected":false},"author":50,"featured_media":0,"comment_status":"closed","ping_status":"closed","sticky":false,"template":"","format":"standard","meta":{"footnotes":""},"categories":[11],"tags":[211,210,212,27],"class_list":["post-677","post","type-post","status-publish","format-standard","hentry","category-salud","tag-discapacidad-motriz","tag-estimulacion-precoz","tag-hermandad-del-buen-fin","tag-ninos"],"_links":{"self":[{"href":"https:\/\/lacronicadesevilla.es\/index.php\/wp-json\/wp\/v2\/posts\/677","targetHints":{"allow":["GET"]}}],"collection":[{"href":"https:\/\/lacronicadesevilla.es\/index.php\/wp-json\/wp\/v2\/posts"}],"about":[{"href":"https:\/\/lacronicadesevilla.es\/index.php\/wp-json\/wp\/v2\/types\/post"}],"author":[{"embeddable":true,"href":"https:\/\/lacronicadesevilla.es\/index.php\/wp-json\/wp\/v2\/users\/50"}],"replies":[{"embeddable":true,"href":"https:\/\/lacronicadesevilla.es\/index.php\/wp-json\/wp\/v2\/comments?post=677"}],"version-history":[{"count":9,"href":"https:\/\/lacronicadesevilla.es\/index.php\/wp-json\/wp\/v2\/posts\/677\/revisions"}],"predecessor-version":[{"id":1093,"href":"https:\/\/lacronicadesevilla.es\/index.php\/wp-json\/wp\/v2\/posts\/677\/revisions\/1093"}],"wp:attachment":[{"href":"https:\/\/lacronicadesevilla.es\/index.php\/wp-json\/wp\/v2\/media?parent=677"}],"wp:term":[{"taxonomy":"category","embeddable":true,"href":"https:\/\/lacronicadesevilla.es\/index.php\/wp-json\/wp\/v2\/categories?post=677"},{"taxonomy":"post_tag","embeddable":true,"href":"https:\/\/lacronicadesevilla.es\/index.php\/wp-json\/wp\/v2\/tags?post=677"}],"curies":[{"name":"wp","href":"https:\/\/api.w.org\/{rel}","templated":true}]}}