{"id":6865,"date":"2023-03-15T09:20:34","date_gmt":"2023-03-15T08:20:34","guid":{"rendered":"http:\/\/lacronicadesevilla.es\/?p=6865"},"modified":"2026-02-18T10:43:30","modified_gmt":"2026-02-18T09:43:30","slug":"el-hotel-vincci-la-rabida-otorga-el-premio-al-detalle-para-el-recuerdo-al-torero-daniel-luque","status":"publish","type":"post","link":"https:\/\/lacronicadesevilla.es\/index.php\/2023\/03\/15\/el-hotel-vincci-la-rabida-otorga-el-premio-al-detalle-para-el-recuerdo-al-torero-daniel-luque\/","title":{"rendered":"El hotel Vincci La R\u00e1bida otorga el Premio &#8216;Al Detalle para el Recuerdo&#8217; al torero Daniel Luque"},"content":{"rendered":"<p><img loading=\"lazy\" decoding=\"async\" class=\"alignright size-full wp-image-6866\" src=\"http:\/\/lacronicadesevilla.es\/wp-content\/uploads\/2023\/04\/vincci-premio-torero.jpg\" alt=\"vincci-premio-torero\" width=\"550\" height=\"367\" srcset=\"https:\/\/lacronicadesevilla.es\/wp-content\/uploads\/2023\/04\/vincci-premio-torero.jpg 550w, https:\/\/lacronicadesevilla.es\/wp-content\/uploads\/2023\/04\/vincci-premio-torero-300x200.jpg 300w, https:\/\/lacronicadesevilla.es\/wp-content\/uploads\/2023\/04\/vincci-premio-torero-525x350.jpg 525w, https:\/\/lacronicadesevilla.es\/wp-content\/uploads\/2023\/04\/vincci-premio-torero-150x100.jpg 150w\" sizes=\"auto, (max-width: 550px) 100vw, 550px\" \/>La CR\u00d3NICA<\/p>\n<p>El torero\u00a0<strong>Daniel Luque ha recibido el Premio \u2018Al Detalle para el Recuerdo\u2019<\/strong>, un galard\u00f3n creado por la cadena Vincci Hoteles para reconocer cada a\u00f1o lo m\u00e1s destacado de la <strong>Feria de Abril de Sevilla<\/strong>.<!--more--><\/p>\n<p>En un acto celebrado en el hotel Vincci La R\u00e1bida, el torero sevillano fue galardonado con este reconocimiento otorgado por sus faenas en la feria de 2022, \u201ccargadas de emotividad y valor, culminando con una <strong>triunfal salida por la Puerta del Pr\u00edncipe<\/strong> dada su naturalidad y torer\u00eda\u201d, seg\u00fan determin\u00f3 el jurado reunido para la ocasi\u00f3n.<\/p>\n<p>El diestro sevillano recibi\u00f3 este reconocimiento por su faena durante la Feria de 2022, en concreto, el d\u00eda 28 de abril, \u201ccargadas de emotividad y valor, a pesar del percance durante la lidia del primer toro, que culmin\u00f3 con una triunfal salida por la Puerta del Pr\u00edncipe\u201d. El jurado estuvo compuesto por Luis Manuel Halc\u00f3n de la Lastra, Conde de Pe\u00f1aflor, Ram\u00f3n Ybarra Valdenebro, Miguel Serrano Falc\u00f3n, Jos\u00e9 Murube Ricart, Enrique Moreno de la Cova, Jos\u00e9 Mar\u00eda Michavila N\u00fa\u00f1ez, Eduardo D\u00e1vila Miura, Martina Blatiere, Roc\u00edo de la C\u00e1mara Ysern, Almudena de la Maza Ybarra, Gabriel Malaver Pel\u00e1ez, Jos\u00e9 Morillo (secretario) y Rafael Calero, presidente del mismo.<\/p>\n<p>La ceremonia acogi\u00f3 a distintas personalidades del mundo del toro y de las instituciones sevillanas, adem\u00e1s de diferentes miembros del jurado. Entre los asistentes estuvo la delegada territorial de Turismo, Cultura y Deporte, Minerva Salas L\u00f3pez; Andr\u00e9s Mart\u00edn Garrido, comisario superior de la Polic\u00eda en Andaluc\u00eda Occidental; Jos\u00e9 Manuel R\u00edo Castillo, director comercial general de Fibes; el presidente del jurado y director general de la zona sur de Vincci Hoteles, Rafael Calero; y el director de Vincci La R\u00e1bida y Molviedro, Jos\u00e9 Luis Garc\u00eda Mera.<\/p>\n<p>El secretario del jurado, Pepe Morillo, fue el encargado de leer el acta y el presidente de la Fundaci\u00f3n Caja Sol, Antonio Pulido, el responsable de entregar el prestigioso galard\u00f3n a Miguel Serrano, presidente de la Escuela Taurina de Sevilla, que recogi\u00f3 el premio en nombre de Daniel Luque, que no pudo asistir.<\/p>\n<p>El Premio Taurino &#8216;Al Detalle para el Recuerdo&#8217; apoya e intenta reconocer cada a\u00f1o la labor de los participantes en la Feria. Entre los premiados en ediciones anteriores se encuentran las ganader\u00edas de Garcigrande, Victorino Mart\u00edn y Miura, y los diestros Jos\u00e9 Antonio \u2018Morante de la Puebla\u2019, Juli\u00e1n L\u00f3pez \u2018El Juli\u2019 y Enrique Ponce. Los premios nacieron porque \u201cuna de nuestras grandes pasiones siempre ha sido el mundo del toro\u201d, explica Rafael Calero. Por ello, \u201cnos sentimos adem\u00e1s muy orgullosos de que muchos de estos toreros decidan alojarse con nosotros, dada nuestra admiraci\u00f3n y profundo respeto por esta profesi\u00f3n\u201d.<\/p>\n","protected":false},"excerpt":{"rendered":"<p>La CR\u00d3NICA El torero\u00a0Daniel Luque ha recibido el Premio \u2018Al Detalle para el Recuerdo\u2019, un galard\u00f3n creado por la cadena Vincci Hoteles para reconocer cada a\u00f1o lo m\u00e1s destacado de la Feria de Abril de Sevilla. <a class=\"continue-reading-link\" href=\"https:\/\/lacronicadesevilla.es\/index.php\/2023\/03\/15\/el-hotel-vincci-la-rabida-otorga-el-premio-al-detalle-para-el-recuerdo-al-torero-daniel-luque\/\"><\/a><\/p>\n","protected":false},"author":1,"featured_media":0,"comment_status":"closed","ping_status":"closed","sticky":false,"template":"","format":"standard","meta":{"footnotes":""},"categories":[12],"tags":[],"class_list":["post-6865","post","type-post","status-publish","format-standard","hentry","category-cultura"],"_links":{"self":[{"href":"https:\/\/lacronicadesevilla.es\/index.php\/wp-json\/wp\/v2\/posts\/6865","targetHints":{"allow":["GET"]}}],"collection":[{"href":"https:\/\/lacronicadesevilla.es\/index.php\/wp-json\/wp\/v2\/posts"}],"about":[{"href":"https:\/\/lacronicadesevilla.es\/index.php\/wp-json\/wp\/v2\/types\/post"}],"author":[{"embeddable":true,"href":"https:\/\/lacronicadesevilla.es\/index.php\/wp-json\/wp\/v2\/users\/1"}],"replies":[{"embeddable":true,"href":"https:\/\/lacronicadesevilla.es\/index.php\/wp-json\/wp\/v2\/comments?post=6865"}],"version-history":[{"count":5,"href":"https:\/\/lacronicadesevilla.es\/index.php\/wp-json\/wp\/v2\/posts\/6865\/revisions"}],"predecessor-version":[{"id":6871,"href":"https:\/\/lacronicadesevilla.es\/index.php\/wp-json\/wp\/v2\/posts\/6865\/revisions\/6871"}],"wp:attachment":[{"href":"https:\/\/lacronicadesevilla.es\/index.php\/wp-json\/wp\/v2\/media?parent=6865"}],"wp:term":[{"taxonomy":"category","embeddable":true,"href":"https:\/\/lacronicadesevilla.es\/index.php\/wp-json\/wp\/v2\/categories?post=6865"},{"taxonomy":"post_tag","embeddable":true,"href":"https:\/\/lacronicadesevilla.es\/index.php\/wp-json\/wp\/v2\/tags?post=6865"}],"curies":[{"name":"wp","href":"https:\/\/api.w.org\/{rel}","templated":true}]}}