{"id":7046,"date":"2023-06-24T10:27:56","date_gmt":"2023-06-24T09:27:56","guid":{"rendered":"http:\/\/lacronicadesevilla.es\/?p=7046"},"modified":"2023-11-24T10:45:50","modified_gmt":"2023-11-24T09:45:50","slug":"sevilla-contara-con-dos-nuevos-hospitales-centrados-en-la-salud-mental-y-el-cuidado-materno-infantil","status":"publish","type":"post","link":"https:\/\/lacronicadesevilla.es\/index.php\/2023\/06\/24\/sevilla-contara-con-dos-nuevos-hospitales-centrados-en-la-salud-mental-y-el-cuidado-materno-infantil\/","title":{"rendered":"Dos nuevos hospitales en Sevilla centrados en la salud mental y el cuidado materno-infantil"},"content":{"rendered":"<p><img loading=\"lazy\" decoding=\"async\" class=\"alignright size-full wp-image-7186\" src=\"http:\/\/lacronicadesevilla.es\/wp-content\/uploads\/2023\/05\/camas-hospital.jpg\" alt=\"camas-hospital\" width=\"550\" height=\"364\" srcset=\"https:\/\/lacronicadesevilla.es\/wp-content\/uploads\/2023\/05\/camas-hospital.jpg 550w, https:\/\/lacronicadesevilla.es\/wp-content\/uploads\/2023\/05\/camas-hospital-300x199.jpg 300w, https:\/\/lacronicadesevilla.es\/wp-content\/uploads\/2023\/05\/camas-hospital-529x350.jpg 529w, https:\/\/lacronicadesevilla.es\/wp-content\/uploads\/2023\/05\/camas-hospital-150x99.jpg 150w\" sizes=\"auto, (max-width: 550px) 100vw, 550px\" \/>David MART\u00cdNEZ GUIJARRO<\/p>\n<p><span style=\"font-weight: 400;\">Sevilla incorpora a su sistema sanitario dos nuevos hospitales: el\u00a0<strong>Mu\u00f1oz Cari\u00f1anos<\/strong>, que pretende ser un punto de referencia en el \u00e1mbito de la salud mental y el tratamiento de lesiones medulares, y el <strong>Materno Infantil y de la Mujer Cartuja-Macarena.<\/strong>\u00a0<\/span><!--more--><\/p>\n<p>El 20 de marzo se inaugur\u00f3 el <strong>Hospital Mu\u00f1oz Cari\u00f1anos<\/strong>, antiguo Hospital Militar de Sevilla, que una vez remodelado se centrar\u00e1 en el tratamiento de enfermedades relacionadas con la salud mental y de lesiones medulares. La\u00a0<span style=\"font-weight: 400;\">apertura completa de este centro sanitario\u00a0se ha llevado a cabo tras finalizar un proceso que comenz\u00f3 hace dos a\u00f1os, cuando el Hospital Militar reabri\u00f3, tras 15 a\u00f1os sin tener actividad, para tratar a pacientes con Covid.\u00a0 A partir de este momento, ha ido aumentando sus servicios de manera progresiva mientras se realizaban las obras para renovar el edificio, as\u00ed como construir una nueva planta hospitalaria y la recepci\u00f3n.\u00a0<\/span><\/p>\n<p>Actualmente,\u00a0el centro cuenta con 375 camas que se repartir\u00e1n entre sus nueve plantas. En particular, 21 de ellas ir\u00e1n destinadas al r\u00e9gimen de hospital de d\u00eda m\u00e9dico y 25 para la Unidad de Cuidados Intensivos (UCI). Adem\u00e1s, dispone de una planta de cirug\u00eda de corta estancia, que dispone de 10 quir\u00f3fanos, siete salas de endoscop\u00eda equipadas con la m\u00e1s alta tecnolog\u00eda y una consulta especializada en pleura. Asimismo, alberga una unidad de hospitalizaci\u00f3n breve de <strong>Salud Mental<\/strong> con 26 camas y un \u00e1rea independiente de Salud Mental con ocho camas dirigidas a adolescentes. \u201cEsta obra ha supuesto una inversi\u00f3n de cerca de 74 millones de euros que han servido para que los sevillanos tengan m\u00e1s capacidad asistencial y mejores prestaciones. De hecho, desde la apertura de sus quir\u00f3fanos, el pasado 1 de marzo, ya se han llevado a cabo m\u00e1s de 500 intervenciones quir\u00fargicas\u201d, inform\u00f3 Juanma Moreno, presidente de la Junta de Andaluc\u00eda, a trav\u00e9s del discurso que pronunci\u00f3 con motivo de la apertura completa del hospital.<\/p>\n<p>A su vez, posee la primera unidad para <strong>lesionados medulares<\/strong> de Andaluc\u00eda, convirti\u00e9ndose en el centro de referencia para las provincias de Sevilla, Huelva, C\u00f3rdoba y M\u00e1laga. Por esta raz\u00f3n, el complejo est\u00e1 tratando a todo tipo de pacientes con lesiones medulares traum\u00e1ticas causadas por accidentes de tr\u00e1fico, laborales o deportivos. Concretamente, esta unidad se encuentra en la novena planta, albergando dos salas de habitaciones, todas individuales y con ba\u00f1os adaptados. Del mismo modo, este espacio est\u00e1 plenamente acondicionado para pacientes de larga estancia con el objetivo de convertirlo en un lugar lo m\u00e1s hogare\u00f1o y acogedor posible. Para ello, incluye una sala de talleres destinada a los familiares en la que se puede leer, se proyectan pel\u00edculas los fines de semana, as\u00ed como tomar un caf\u00e9, entre otros servicios.<\/p>\n<p>Este hospital es una extensi\u00f3n del <strong>Hospital Universitario Virgen del Roc\u00edo<\/strong>, por lo que no cuenta con una plantilla propia de personal m\u00e9dico. \u201cEsto no supone ninguna dificultad en la gesti\u00f3n ni afecta a la calidad asistencial que se presta a la poblaci\u00f3n de referencia. Hay que recordar que la plantilla del hospital se ha reforzado con m\u00e1s de 1.200 profesionales que atienden todas las necesidades asistenciales del complejo\u00bb, matiz\u00f3 Catalina Garc\u00eda, consejera de Salud y Consumo, en la sesi\u00f3n plenaria celebrada el 18 de mayo.<\/p>\n<p>Cabe destacar que este enclave hospitalario, ahora bautizado con el nombre del ilustre coronel m\u00e9dico otorrinolaring\u00f3logo, Antonio Mu\u00f1oz Cari\u00f1anos, rinde homenaje a su memoria tras su tr\u00e1gica muerte a manos de ETA el fat\u00eddico 16 de octubre de 2000, en su propia consulta de la calle Jes\u00fas del Gran Poder. Por su parte, el distrito sanitario al que pertenece dicho centro mantendr\u00e1 el nombre de Rogelio Vigil de Qui\u00f1ones, en recuerdo del m\u00e9dico marbell\u00ed que resisti\u00f3 en el sitio de Baler con los \u00faltimos de Filipinas.<\/p>\n<div id=\"attachment_7199\" style=\"width: 810px\" class=\"wp-caption aligncenter\"><img loading=\"lazy\" decoding=\"async\" aria-describedby=\"caption-attachment-7199\" class=\"size-full wp-image-7199\" src=\"http:\/\/lacronicadesevilla.es\/wp-content\/uploads\/2023\/05\/apertura-munoz-carinanos.jpg\" alt=\"Juanma Moreno junto a los sanitarios que trabajan en el Hospital Mu\u00f1oz Cari\u00f1anos. Foto: Junta de Andaluc\u00eda\" width=\"800\" height=\"533\" srcset=\"https:\/\/lacronicadesevilla.es\/wp-content\/uploads\/2023\/05\/apertura-munoz-carinanos.jpg 800w, https:\/\/lacronicadesevilla.es\/wp-content\/uploads\/2023\/05\/apertura-munoz-carinanos-300x200.jpg 300w, https:\/\/lacronicadesevilla.es\/wp-content\/uploads\/2023\/05\/apertura-munoz-carinanos-768x512.jpg 768w, https:\/\/lacronicadesevilla.es\/wp-content\/uploads\/2023\/05\/apertura-munoz-carinanos-525x350.jpg 525w, https:\/\/lacronicadesevilla.es\/wp-content\/uploads\/2023\/05\/apertura-munoz-carinanos-150x100.jpg 150w\" sizes=\"auto, (max-width: 800px) 100vw, 800px\" \/><p id=\"caption-attachment-7199\" class=\"wp-caption-text\">Juanma Moreno junto a los sanitarios que trabajan en el Hospital Mu\u00f1oz Cari\u00f1anos. Foto: <a href=\"https:\/\/www.juntadeandalucia.es\/presidencia\/portavoz\/180879\/lunes\/marzo?pag=5\" target=\"_blank\" rel=\"noopener\">Junta de Andaluc\u00eda<\/a><\/p><\/div>\n<p><span style=\"font-weight: 400;\">Por su parte, el Hospital Materno Infantil y de la Mujer Cartuja-Macarena se encuentra en su fase final de adaptaci\u00f3n, prepar\u00e1ndose para ofrecer una atenci\u00f3n especializada en el cuidado de las mujeres y de los reci\u00e9n nacidos. Albergar\u00e1 servicios relacionados con la asistencia de patolog\u00edas de la mujer, acogiendo las unidades de\u00a0 <strong>Ginecolog\u00eda y Obstetricia y Neonatolog\u00eda<\/strong> del Hospital Universitario Virgen Macarena.\u00a0<\/span><\/p>\n<p>Este centro, ubicado en la calle Leonardo da Vinci, va a contar con un equipamiento y <strong>tecnolog\u00eda electrom\u00e9dica<\/strong> de vanguardia que mejorar\u00e1 y modernizar\u00e1 los servicios que constituyen la asistencia materno-infantil. De la misma manera, dispondr\u00e1 de dispositivos pioneros en cirug\u00eda y radiodiagn\u00f3stico temprano del c\u00e1ncer para diversas patolog\u00edas. \u201cSe van a incorporar tecnolog\u00edas \u00fanicas en Espa\u00f1a. Ning\u00fan otro hospital del sistema p\u00fablico, ni creo que privado en nuestro pa\u00eds, va a tener la maquinaria que vamos a incorporar aqu\u00ed como es el caso de la resonancia de campo abierto\u201d, expres\u00f3 Juanma Moreno en el acto de presentaci\u00f3n que tuvo lugar el 7 de junio de 2021.<\/p>\n<p><strong>Reducir las habitaciones con tres camas<br \/>\n<\/strong>Este enclave hospitalario, perteneciente al Hospital Virgen Macarena, eliminar\u00e1 el 40%\u00a0 de las habitaciones con tres camas de dicho centro. Por ende, disminuir\u00e1 la descongesti\u00f3n asistencial, avanzando hacia la eliminaci\u00f3n total de las habitaciones con tres camas. \u201cDe una manera progresiva, vamos cumpliendo uno de nuestros objetivos en Andaluc\u00eda, que es el de eliminar las tres camas de los hospitales andaluces. No es f\u00e1cil porque ha habido, y sigue habiendo, una carencia de infraestructuras importante, pero con los nuevos hospitales, como \u00e9ste, y la puesta en marcha del Hospital Militar, vamos avanzando en este objetivo en la provincia de Sevilla\u201d, subray\u00f3 Moreno Bonilla en su visita al futuro hospital.<\/p>\n<p>En t\u00e9rminos de capacidad, tendr\u00e1 80 camas de hospitalizaci\u00f3n, con la posibilidad de ampliarse a 101, diez puestos de UCI y otros diez de Unidad de Cuidados Respiratorios Intermedios (UCRI). Adem\u00e1s, contar\u00e1 con quir\u00f3fanos, cocina, cafeter\u00eda, sal\u00f3n de actos y rehabilitaci\u00f3n. El dise\u00f1o del edificio incluye un hospital de d\u00eda en la primera planta, mientras que la segunda y tercera albergar\u00e1n las \u00e1reas de hospitalizaci\u00f3n con habitaciones. En la primera planta del s\u00f3tano se situar\u00e1n las salas de diagn\u00f3stico por imagen y los quir\u00f3fanos, dejando libres dos plantas que ir\u00e1n destinadas al aparcamiento de empleados y visitas.<\/p>\n<p>Por otro lado, para acondicionar el edificio a las necesidades del nuevo centro m\u00e9dico, ha sido necesaria una inversi\u00f3n de 11,5 millones de euros. Todo comenz\u00f3 cuando la Junta de Andaluc\u00eda anunci\u00f3 en febrero de 2021 la intenci\u00f3n de recuperar las instalaciones abandonadas de un hospital que nunca lleg\u00f3 a abrirse. De este modo, se pretend\u00eda convertir este espacio en un centro especializado en la atenci\u00f3n de pacientes con coronavirus. A su vez, se estipulaba que, cuando la evoluci\u00f3n de la pandemia lo permitiera, el uso del complejo se destinar\u00eda a ser el nuevo Hospital de la Mujer adscrito al <strong>Hospital Universitario Virgen Macarena<\/strong>.<\/p>\n<p>Su\u00a0inauguraci\u00f3n estaba prevista para principios de 2022, sin embargo, se ha retrasado debido a que no se pudo financiar con fondos de emergencia Covid. No obstante, la Junta se ha apoyado en los fondos React-EU, otro paquete europeo de ayudas que va a permitir que el nuevo hospital se ponga en funcionamiento en los pr\u00f3ximos meses.<\/p>\n","protected":false},"excerpt":{"rendered":"<p>David MART\u00cdNEZ GUIJARRO Sevilla incorpora a su sistema sanitario dos nuevos hospitales: el\u00a0Mu\u00f1oz Cari\u00f1anos, que pretende ser un punto de referencia en el \u00e1mbito de la salud mental y el tratamiento de lesiones medulares, y el Materno Infantil y de la Mujer Cartuja-Macarena.\u00a0 <a class=\"continue-reading-link\" href=\"https:\/\/lacronicadesevilla.es\/index.php\/2023\/06\/24\/sevilla-contara-con-dos-nuevos-hospitales-centrados-en-la-salud-mental-y-el-cuidado-materno-infantil\/\"><\/a><\/p>\n","protected":false},"author":46,"featured_media":0,"comment_status":"closed","ping_status":"closed","sticky":false,"template":"","format":"standard","meta":{"footnotes":""},"categories":[11],"tags":[1129,1128,596,40,1130,18],"class_list":["post-7046","post","type-post","status-publish","format-standard","hentry","category-salud","tag-hospital-materno-infantil-y-de-la-mujer-cartuja-macarena","tag-hospital-munoz-carinanos","tag-junta-de-andalucia","tag-salud","tag-sanidad","tag-sevilla"],"_links":{"self":[{"href":"https:\/\/lacronicadesevilla.es\/index.php\/wp-json\/wp\/v2\/posts\/7046","targetHints":{"allow":["GET"]}}],"collection":[{"href":"https:\/\/lacronicadesevilla.es\/index.php\/wp-json\/wp\/v2\/posts"}],"about":[{"href":"https:\/\/lacronicadesevilla.es\/index.php\/wp-json\/wp\/v2\/types\/post"}],"author":[{"embeddable":true,"href":"https:\/\/lacronicadesevilla.es\/index.php\/wp-json\/wp\/v2\/users\/46"}],"replies":[{"embeddable":true,"href":"https:\/\/lacronicadesevilla.es\/index.php\/wp-json\/wp\/v2\/comments?post=7046"}],"version-history":[{"count":21,"href":"https:\/\/lacronicadesevilla.es\/index.php\/wp-json\/wp\/v2\/posts\/7046\/revisions"}],"predecessor-version":[{"id":7523,"href":"https:\/\/lacronicadesevilla.es\/index.php\/wp-json\/wp\/v2\/posts\/7046\/revisions\/7523"}],"wp:attachment":[{"href":"https:\/\/lacronicadesevilla.es\/index.php\/wp-json\/wp\/v2\/media?parent=7046"}],"wp:term":[{"taxonomy":"category","embeddable":true,"href":"https:\/\/lacronicadesevilla.es\/index.php\/wp-json\/wp\/v2\/categories?post=7046"},{"taxonomy":"post_tag","embeddable":true,"href":"https:\/\/lacronicadesevilla.es\/index.php\/wp-json\/wp\/v2\/tags?post=7046"}],"curies":[{"name":"wp","href":"https:\/\/api.w.org\/{rel}","templated":true}]}}