{"id":7061,"date":"2023-05-30T15:11:40","date_gmt":"2023-05-30T14:11:40","guid":{"rendered":"http:\/\/lacronicadesevilla.es\/?p=7061"},"modified":"2023-06-21T10:04:30","modified_gmt":"2023-06-21T09:04:30","slug":"la-nueva-novela-blue-jeans-es-una-historia-de-misterio-que-esta-ambientada-en-sevilla","status":"publish","type":"post","link":"https:\/\/lacronicadesevilla.es\/index.php\/2023\/05\/30\/la-nueva-novela-blue-jeans-es-una-historia-de-misterio-que-esta-ambientada-en-sevilla\/","title":{"rendered":"La nueva novela de Blue Jeans es una historia de misterio que est\u00e1 ambientada en Sevilla"},"content":{"rendered":"<ul>\n<li><strong>El libro, titulado &#8216;La \u00faltima melod\u00eda de Chopin&#8217;, ha salido a la venta el 24 de mayo <\/strong><\/li>\n<\/ul>\n<div id=\"attachment_7178\" style=\"width: 560px\" class=\"wp-caption alignright\"><img loading=\"lazy\" decoding=\"async\" aria-describedby=\"caption-attachment-7178\" class=\"wp-image-7178 size-full\" src=\"http:\/\/lacronicadesevilla.es\/wp-content\/uploads\/2023\/05\/blue-jeans.jpg\" alt=\"blue-jeans\" width=\"550\" height=\"343\" srcset=\"https:\/\/lacronicadesevilla.es\/wp-content\/uploads\/2023\/05\/blue-jeans.jpg 550w, https:\/\/lacronicadesevilla.es\/wp-content\/uploads\/2023\/05\/blue-jeans-300x187.jpg 300w, https:\/\/lacronicadesevilla.es\/wp-content\/uploads\/2023\/05\/blue-jeans-150x94.jpg 150w\" sizes=\"auto, (max-width: 550px) 100vw, 550px\" \/><p id=\"caption-attachment-7178\" class=\"wp-caption-text\">El escritor Blue Jeans durante la entrevista en Sevilla<\/p><\/div>\n<p>Texto y fotograf\u00eda: Natalia R\u00cdOS<\/p>\n<p>Francisco de Paula es el verdadero nombre de <strong>Blue Jeans<\/strong>, un escritor de <strong>novelas juveniles<\/strong> que acaba de publicar un nueva obra titulada <strong>&#8216;La \u00faltima melod\u00eda de Chopin&#8217;.<\/strong><!--more--><\/p>\n<p>La historia est\u00e1 ambientada en Sevilla, una ciudad que conoce bien, pues vivi\u00f3 en el municipio de Carmona hasta los 18 a\u00f1os.\u00a0Licenciado en Periodismo, es autor de 13 novelas de amor y de seis novelas de thriller, intriga y acci\u00f3n. Actualmente, cuenta con m\u00e1s de dos millones de seguidores en Espa\u00f1a y Latinoam\u00e9rica.<\/p>\n<p>Recientemente estuvo en Sevilla y pudimos entrevistarlo. Nuestro encuentro fue al mediod\u00eda en el Hotel NH Plaza de Armas. Sentados en una peque\u00f1a mesa de caf\u00e9 estuvimos hablando sobre las otras entrevista que tendr\u00eda a lo largo del d\u00eda y, por supuesto, sobre su \u00faltima novela. Una vez en las librer\u00edas, confiesa que \u00abest\u00e1 tranquilo y con ganas de que todos y todas puedan disfrutar de la historia\u00bb. Tambi\u00e9n nos cont\u00f3 que dos d\u00edas antes se hab\u00eda subido en <strong>helic\u00f3ptero<\/strong> por primera vez, un dato y un elemento que tiene gran importancia en su nuevo libro.<\/p>\n<p><strong>Ya est\u00e1 en las librer\u00edas su nueva novela para adolescentes titulada &#8216;La \u00faltima melod\u00eda de Chopin&#8217;, \u00bfcu\u00e1l es la idea principal que quiere transmitir con este libro?<br \/>\n<\/strong>Responder a los lectores sobre aquello que qued\u00f3 pendiente en el primer libro. Es una historia de misterio, un <em>thriller<\/em> con desapariciones y muertes. Los personajes son los mismos del libro anterior, por lo tanto, es una continuaci\u00f3n de este.<\/p>\n<p><strong>\u00bfC\u00f3mo construye la personalidad de los protagonistas?<br \/>\n<\/strong>A m\u00ed me gusta que los personajes vayan evolucionando a medida que voy escribiendo el libro. Antes de escribir ya ten\u00eda pensadas algunas ideas y algunas caracter\u00edsticas. Muchos autores dicen que el propio personaje es el que te va guiando y el que va evolucionando en la historia. Es importante que no se salga de la trama, que si le pasa algo importante se transmita esa sensaci\u00f3n. Siempre intento que los figurantes no sean siempre iguales. Las personas somos contradictorias e intento reflejarlo en los libros, y que se note que hay evoluci\u00f3n.<\/p>\n<p><strong>Su nueva obra se sit\u00faa en Sevilla en 2019, \u00bfc\u00f3mo ha sido el proceso de documentaci\u00f3n?<br \/>\n<\/strong>Lo primero es que tengo que estar actualizado, pues al ser una novela juvenil hay que estar atento a lo que pasa con los j\u00f3venes, su forma de hablar, las nuevas redes sociales, qu\u00e9 series ven y la m\u00fasica que escuchan. Cada cosa que pongas tiene que estar documentada. En estos dos \u00faltimos libros hay un asunto policial, con forenses y jueces. Mi padre era procurador en los tribunales y me he informado de las funciones de los cuerpos de seguridad.<\/p>\n<p><strong>Siendo usted periodista, \u00bfcu\u00e1l es la diferencia entre documentarse como escritor de libros y redactor en un medio de comunicaci\u00f3n?<br \/>\n<\/strong>Haber estudiado periodismo no me sirve de mucho para documentarme en ciertos temas. Cuando yo estudi\u00e9 periodismo, la documentaci\u00f3n era muy diferente a como es ahora, porque antes ten\u00edas que ir a la biblioteca nacional o pedir cita y ahora est\u00e1 todo en internet. Estudiar periodismo s\u00ed me ha servido a la hora de redactar, usando frases cortas y un estilo directo. Creo que es diferente. He trabajado en una revista de padel y he tenido que ir de una lado para otro buscando informaci\u00f3n, pero para escribir mis novelas no tengo que ir a una rueda de prensa, si hablo de un castillo voy y lo veo por dentro. Aunque depende del tema. En esta novela he tenido que calcular c\u00f3mo ser\u00eda el choque de un helic\u00f3ptero, que no explotara porque no quer\u00eda una masacre, solo que perjudicara a los que iban dentro.<\/p>\n<p><strong><img loading=\"lazy\" decoding=\"async\" class=\"alignleft wp-image-7180\" src=\"http:\/\/lacronicadesevilla.es\/wp-content\/uploads\/2023\/05\/portada-la-ultima-melodia-de-chopin-blue-jeans.jpg\" alt=\"portada-la-ultima-melodia-de-chopin-blue-jeans\" width=\"350\" height=\"535\" srcset=\"https:\/\/lacronicadesevilla.es\/wp-content\/uploads\/2023\/05\/portada-la-ultima-melodia-de-chopin-blue-jeans.jpg 450w, https:\/\/lacronicadesevilla.es\/wp-content\/uploads\/2023\/05\/portada-la-ultima-melodia-de-chopin-blue-jeans-196x300.jpg 196w, https:\/\/lacronicadesevilla.es\/wp-content\/uploads\/2023\/05\/portada-la-ultima-melodia-de-chopin-blue-jeans-229x350.jpg 229w, https:\/\/lacronicadesevilla.es\/wp-content\/uploads\/2023\/05\/portada-la-ultima-melodia-de-chopin-blue-jeans-98x150.jpg 98w\" sizes=\"auto, (max-width: 350px) 100vw, 350px\" \/>\u00bfAlgo de su adolescencia queda reflejado en sus libros?<\/strong><br \/>\nCuando decid\u00ed ambientar la novela en Sevilla me vinieron muchos recuerdos muy buenos, para m\u00ed es la ciudad m\u00e1s bonita del mundo. Me leen mucho en Latinoam\u00e9rica, y la idea es que les apetezca venir a conocer Sevilla.<\/p>\n<p><strong>A comienzos de su vida como escritor, reconoci\u00f3 escribir novelas juveniles, \u00bfqu\u00e9 piensa en el 2023?<br \/>\n<\/strong>Mis libros son juveniles, pero defiendo que es una novela completa y trabajada que la puede leer y le puede gustar a todo el mundo. S\u00ed es cierto que en estos dos libros en concreto, en las novelas de Chopin, doy por primera vez voz a adultos, por ejemplo, en el caso de la inspectora Celia Mayo.<\/p>\n<p><strong>\u00bfCree que sus lectores actuales seguir\u00e1n leyendo sus novelas a medida que pase el tiempo?<\/strong><br \/>\nTen en cuenta que empec\u00e9 en 2008, y la generaci\u00f3n que me le\u00eda entonces ya no es tan joven. Dos lectoras me han invitado a sus bodas este a\u00f1o, conozco a los hijos de mis primeras lectoras y algunas con casi 30 a\u00f1os me siguen leyendo. Habr\u00e1 gente que siga ah\u00ed y otra que se olvide de m\u00ed. En una firma de libros veo a personas de todas las edades.<\/p>\n<p><strong>\u00bfIntenta acompa\u00f1ar a sus lectores a trav\u00e9s de un camino de autodescubrimiento mediante sus libros?<\/strong><br \/>\nEs importante que est\u00e9 todo representado, porque si no es as\u00ed parece como que al autor no le interesan o no est\u00e1 de acuerdo con determinados asuntos. Pero a veces la historia no te da para contar ciertas cosas. Yo he hablado de identidad sexual, de bullying, de trastorno de la conducta alimentaria, de lo que pasa en internet y en los institutos.\u00a0En una firma una lectora me dijo que se sent\u00eda invisibilizada y que escribiera algo sobre una chica alta que sale con un chico bajito. Le di la raz\u00f3n. Tambi\u00e9n he conocido a personas con discapacidad que me piden que haga un personaje ciego o que tenga problemas auditivos. Pero tiene que encajar en la historia y me tengo que documentar para hacerlo bien.<\/p>\n<p><strong>En relaci\u00f3n a un tema, desgraciadamente, de actualidad, \u00bfque puede hacer la literatura para combatir el acoso escolar?<br \/>\n<\/strong>Procuro que el lector se sienta identificado con el libro. He creado personajes que se autolesionan o que sufren bullying, siempre con el m\u00e1ximo respeto. Con ello no les soluciono el problema, pero puedo animarles a que busquen ayuda, a que hablen con su entorno. Una chica me coment\u00f3 por Instagram que estaba mejor de sus problemas de autoestima y le contest\u00e9 que cuando tuviera un baj\u00f3n se acordara de su momentos felices y de las personas que la quieren. En una firma de libros me dijeron que unas chicas ingresadas por problemas con su alimentaci\u00f3n le\u00edan mis libros y eso les hac\u00eda sentirse mejor. A veces, cuando escucho estas historias se me saltan las l\u00e1grimas.<\/p>\n<p><strong>\u00bfC\u00f3mo cree que lo ven sus seguidores?<br \/>\n<\/strong>Muy mayor, me ven como una persona cercana, yo intento que me vean como alguien corriente, un escritor que est\u00e1 a la misma altura que el lector. No quiero que me vean como alguien inalcanzable.<\/p>\n<p><strong>\u00bfCu\u00e1l ha sido su mayor acierto literario?<br \/>\n<\/strong>No rendirme. Me han rechazado muchas veces y segu\u00ed insistiendo, lo hago por m\u00ed y no me vengo abajo. Y la disciplina. Aunque en la universidad era un desastre y me costaba mucho todo, no me esforzaba tanto.<\/p>\n<p><strong>\u00bfY su mayor error?<br \/>\n<\/strong>La soberbia del principio o intentar vender y que se note que quiero que se venda. Esa prepotencia del principio fue un gran error. Quiz\u00e1s, tambi\u00e9n, haber escrito escenas que no tienen mucho sentido o no tienen l\u00f3gica.<\/p>\n","protected":false},"excerpt":{"rendered":"<p>El libro, titulado &#8216;La \u00faltima melod\u00eda de Chopin&#8217;, ha salido a la venta el 24 de mayo Texto y fotograf\u00eda: Natalia R\u00cdOS Francisco de Paula es el verdadero nombre de Blue Jeans, un escritor de novelas juveniles que acaba de publicar un nueva obra titulada &#8216;La \u00faltima melod\u00eda de Chopin&#8217;. <a class=\"continue-reading-link\" href=\"https:\/\/lacronicadesevilla.es\/index.php\/2023\/05\/30\/la-nueva-novela-blue-jeans-es-una-historia-de-misterio-que-esta-ambientada-en-sevilla\/\"><\/a><\/p>\n","protected":false},"author":47,"featured_media":0,"comment_status":"closed","ping_status":"closed","sticky":false,"template":"","format":"standard","meta":{"footnotes":""},"categories":[12],"tags":[235,1143,1144,1145,92,97,1142,18],"class_list":["post-7061","post","type-post","status-publish","format-standard","hentry","category-cultura","tag-andalucia","tag-blue-jeans","tag-francisco-de-paula","tag-la-ultima-melodia-de-chopin","tag-libro","tag-literatura","tag-novelas-juveniles","tag-sevilla"],"_links":{"self":[{"href":"https:\/\/lacronicadesevilla.es\/index.php\/wp-json\/wp\/v2\/posts\/7061","targetHints":{"allow":["GET"]}}],"collection":[{"href":"https:\/\/lacronicadesevilla.es\/index.php\/wp-json\/wp\/v2\/posts"}],"about":[{"href":"https:\/\/lacronicadesevilla.es\/index.php\/wp-json\/wp\/v2\/types\/post"}],"author":[{"embeddable":true,"href":"https:\/\/lacronicadesevilla.es\/index.php\/wp-json\/wp\/v2\/users\/47"}],"replies":[{"embeddable":true,"href":"https:\/\/lacronicadesevilla.es\/index.php\/wp-json\/wp\/v2\/comments?post=7061"}],"version-history":[{"count":28,"href":"https:\/\/lacronicadesevilla.es\/index.php\/wp-json\/wp\/v2\/posts\/7061\/revisions"}],"predecessor-version":[{"id":7291,"href":"https:\/\/lacronicadesevilla.es\/index.php\/wp-json\/wp\/v2\/posts\/7061\/revisions\/7291"}],"wp:attachment":[{"href":"https:\/\/lacronicadesevilla.es\/index.php\/wp-json\/wp\/v2\/media?parent=7061"}],"wp:term":[{"taxonomy":"category","embeddable":true,"href":"https:\/\/lacronicadesevilla.es\/index.php\/wp-json\/wp\/v2\/categories?post=7061"},{"taxonomy":"post_tag","embeddable":true,"href":"https:\/\/lacronicadesevilla.es\/index.php\/wp-json\/wp\/v2\/tags?post=7061"}],"curies":[{"name":"wp","href":"https:\/\/api.w.org\/{rel}","templated":true}]}}