{"id":7221,"date":"2023-06-15T14:09:36","date_gmt":"2023-06-15T13:09:36","guid":{"rendered":"http:\/\/lacronicadesevilla.es\/?p=7221"},"modified":"2023-06-15T14:09:36","modified_gmt":"2023-06-15T13:09:36","slug":"fibes-se-estrena-como-plato-de-cine-con-el-rodaje-de-una-pelicula-sobre-el-grupo-los-planetas","status":"publish","type":"post","link":"https:\/\/lacronicadesevilla.es\/index.php\/2023\/06\/15\/fibes-se-estrena-como-plato-de-cine-con-el-rodaje-de-una-pelicula-sobre-el-grupo-los-planetas\/","title":{"rendered":"Fibes se estrena como plat\u00f3 de cine con el rodaje de una pel\u00edcula sobre el grupo Los Planetas"},"content":{"rendered":"<p><img loading=\"lazy\" decoding=\"async\" class=\"alignright size-full wp-image-7224\" src=\"http:\/\/lacronicadesevilla.es\/wp-content\/uploads\/2023\/06\/rodaje-cine-sevilla.jpg\" alt=\"rodaje-cine-sevilla\" width=\"550\" height=\"286\" srcset=\"https:\/\/lacronicadesevilla.es\/wp-content\/uploads\/2023\/06\/rodaje-cine-sevilla.jpg 550w, https:\/\/lacronicadesevilla.es\/wp-content\/uploads\/2023\/06\/rodaje-cine-sevilla-300x156.jpg 300w, https:\/\/lacronicadesevilla.es\/wp-content\/uploads\/2023\/06\/rodaje-cine-sevilla-150x78.jpg 150w\" sizes=\"auto, (max-width: 550px) 100vw, 550px\" \/>La CR\u00d3NICA<\/p>\n<p><span style=\"font-weight: 400;\"><strong>Sevilla<\/strong> se confirma como un gran plat\u00f3 y se ampl\u00edan los escenarios para <strong>rodajes de pel\u00edculas<\/strong> en la ciudad. A esta lista de localizaciones se ha sumado FIBES, el Palacio de Congresos y Exposiciones.<\/span><!--more--><\/p>\n<p><span style=\"font-weight: 400;\">El recinto ha acogido por primera vez el rodaje de una pel\u00edcula. Hasta ahora en los pabellones s\u00f3lo se hab\u00edan grabado spots y otro tipo de producciones audiovisuales, pero nunca cinematogr\u00e1ficas.\u00a0<\/span><span style=\"font-weight: 400;\">En concreto, se trata del rodaje del <strong>largometraje <\/strong><\/span><strong><i>Segundo Premio<\/i><\/strong><span style=\"font-weight: 400;\">, que est\u00e1 dirigido por Isaki Lacuesta y cuenta <strong>la historia del grupo Los Planetas<\/strong>.<\/span><\/p>\n<p><span style=\"font-weight: 400;\">Es un biopic musical, una pel\u00edcula biogr\u00e1fica ambientada en los a\u00f1os 90 y se contextualiza en los momentos creativos y m\u00e1s tensos del \u00e1lbum \u2018Una semana en el motor de un autob\u00fas\u2019, que cambiar\u00eda el panorama musical en Espa\u00f1a. Adem\u00e1s de los pabellones de FIBES 1 y FIBES 2, tambi\u00e9n se han rodado escenas en el puente de San Bernardo, junto al parque de bomberos.<\/span><\/p>\n<p><span style=\"font-weight: 400;\">Tambi\u00e9n se rueda en Sevilla la <strong>\u00f3pera prima de la sevillana Paz Vega como directora<\/strong>. La pel\u00edcula se titula <\/span><i><span style=\"font-weight: 400;\">Rita <\/span><\/i><span style=\"font-weight: 400;\">y el equipo estar\u00e1 en la ciudad en torno a un mes y medio. El film cuenta la historia de una ni\u00f1a y su familia en la Sevilla de los a\u00f1os 80, con estampas costumbristas de la pre Expo del 92. Entre otros lugares, Paz Vega estar\u00e1 rodando en los mercados de abastos de Triana, San Jer\u00f3nimo o Feria, en el Puente de Triana o el antiguo Colegio Cervantes, entre otras localizaciones. Es una producci\u00f3n de \u00c1ralan Films.\u00a0<\/span><\/p>\n<p><span style=\"font-weight: 400;\">En la Feria de Abril se rod\u00f3 tambi\u00e9n durante una corrida de toros en la Maestranza. El t\u00edtulo de esta producci\u00f3n es <\/span><i><span style=\"font-weight: 400;\">Tardes de soledad<\/span><\/i><span style=\"font-weight: 400;\">, del premiado director independiente Albert Serra. El film celebra la extraordinaria belleza pl\u00e1stica del toreo a trav\u00e9s del punto de vista y la sufrida experiencia espiritual de dos j\u00f3venes estrellas actuales, Andr\u00e9s Roca Rey y el sevillano Pablo Aguado.<\/span><\/p>\n<p><span style=\"font-weight: 400;\">Hace tambi\u00e9n un mes que comenz\u00f3 a rodarse <\/span><i><span style=\"font-weight: 400;\">Barrio ingl\u00e9s<\/span><\/i><span style=\"font-weight: 400;\">, una serie de Radio Televisi\u00f3n Espa\u00f1ola. Es su primera temporada y su principal localizaci\u00f3n es el Palacio de Monsalves. Se trata de una historia de amor y esp\u00edas nazis que recrea la Huelva minera.<\/span><\/p>\n<p><span style=\"font-weight: 400;\"><strong>Primera colaboraci\u00f3n de Alex de la Iglesia con Netflix<\/strong><br \/>\nY hay otro rodaje m\u00e1s, que comenzar\u00e1 en verano. Se trata de<\/span><i><span style=\"font-weight: 400;\"> 1992<\/span><\/i><span style=\"font-weight: 400;\">, y ser\u00e1 la primera colaboraci\u00f3n de Alex de la Iglesia con Netflix. En estos momentos la productora est\u00e1 buscando localizaciones en Sevilla. La miniserie es un thriller de ficci\u00f3n que toma como trasfondo la Expo 92. A trav\u00e9s de <\/span><i><span style=\"font-weight: 400;\">flashbacks <\/span><\/i><span style=\"font-weight: 400;\">desde la actualidad y por una sucesi\u00f3n de cr\u00edmenes se va descubriendo una trama de corrupci\u00f3n empresarial pol\u00edtica relacionada con hechos que ocurrieron en torno a la muestra.<\/span><\/p>\n<p><span style=\"font-weight: 400;\">El cine y el turismo es un binomio poderoso para la revitalizaci\u00f3n de la econom\u00eda local que contribuye a hacer m\u00e1s sostenible la ciudad. Sevilla es un plat\u00f3 envidiable y tambi\u00e9n competitivo gracias a la estrategia puesta en marcha para facilitar el trabajo de las productoras y que se materializa en Sevilla&amp;Me, una ventanilla \u00fanica desde la que se acompa\u00f1a a estas empresas para hacer m\u00e1s f\u00e1ciles y r\u00e1pidos los tr\u00e1mites. En lo que va de a\u00f1o ya ha recibido un centenar de solicitudes de rodajes y eventos en la v\u00eda p\u00fablica.<\/span><\/p>\n<p><span style=\"font-weight: 400;\">Sevilla cerr\u00f3 el a\u00f1o pasado con un balance de rodajes r\u00e9cord, 212, que generaron un importante impacto econ\u00f3mico y un gran impulso para la propia industria audiovisual local y sus profesionales, sin contar con la enorme repercusi\u00f3n nacional e internacional de la imagen de Sevilla.<\/span><\/p>\n","protected":false},"excerpt":{"rendered":"<p>La CR\u00d3NICA Sevilla se confirma como un gran plat\u00f3 y se ampl\u00edan los escenarios para rodajes de pel\u00edculas en la ciudad. A esta lista de localizaciones se ha sumado FIBES, el Palacio de Congresos y Exposiciones. <a class=\"continue-reading-link\" href=\"https:\/\/lacronicadesevilla.es\/index.php\/2023\/06\/15\/fibes-se-estrena-como-plato-de-cine-con-el-rodaje-de-una-pelicula-sobre-el-grupo-los-planetas\/\"><\/a><\/p>\n","protected":false},"author":1,"featured_media":0,"comment_status":"closed","ping_status":"closed","sticky":false,"template":"","format":"standard","meta":{"footnotes":""},"categories":[8],"tags":[],"class_list":["post-7221","post","type-post","status-publish","format-standard","hentry","category-sevilla"],"_links":{"self":[{"href":"https:\/\/lacronicadesevilla.es\/index.php\/wp-json\/wp\/v2\/posts\/7221","targetHints":{"allow":["GET"]}}],"collection":[{"href":"https:\/\/lacronicadesevilla.es\/index.php\/wp-json\/wp\/v2\/posts"}],"about":[{"href":"https:\/\/lacronicadesevilla.es\/index.php\/wp-json\/wp\/v2\/types\/post"}],"author":[{"embeddable":true,"href":"https:\/\/lacronicadesevilla.es\/index.php\/wp-json\/wp\/v2\/users\/1"}],"replies":[{"embeddable":true,"href":"https:\/\/lacronicadesevilla.es\/index.php\/wp-json\/wp\/v2\/comments?post=7221"}],"version-history":[{"count":3,"href":"https:\/\/lacronicadesevilla.es\/index.php\/wp-json\/wp\/v2\/posts\/7221\/revisions"}],"predecessor-version":[{"id":7225,"href":"https:\/\/lacronicadesevilla.es\/index.php\/wp-json\/wp\/v2\/posts\/7221\/revisions\/7225"}],"wp:attachment":[{"href":"https:\/\/lacronicadesevilla.es\/index.php\/wp-json\/wp\/v2\/media?parent=7221"}],"wp:term":[{"taxonomy":"category","embeddable":true,"href":"https:\/\/lacronicadesevilla.es\/index.php\/wp-json\/wp\/v2\/categories?post=7221"},{"taxonomy":"post_tag","embeddable":true,"href":"https:\/\/lacronicadesevilla.es\/index.php\/wp-json\/wp\/v2\/tags?post=7221"}],"curies":[{"name":"wp","href":"https:\/\/api.w.org\/{rel}","templated":true}]}}