{"id":7671,"date":"2023-12-15T10:12:19","date_gmt":"2023-12-15T09:12:19","guid":{"rendered":"https:\/\/lacronicadesevilla.es\/?p=7671"},"modified":"2023-12-18T11:53:19","modified_gmt":"2023-12-18T10:53:19","slug":"la-macarena-entrega-sus-primeros-premios-spes-nostra-a-personas-y-empresas-que-transmiten-esperanza","status":"publish","type":"post","link":"https:\/\/lacronicadesevilla.es\/index.php\/2023\/12\/15\/la-macarena-entrega-sus-primeros-premios-spes-nostra-a-personas-y-empresas-que-transmiten-esperanza\/","title":{"rendered":"La Macarena entrega sus &#8216;Spes Nostra&#8217; a personas y empresas que transmiten esperanza"},"content":{"rendered":"\n<ul class=\"wp-block-list\">\n<li><strong>La soprano Ainhoa Arteta, el exfutbolista Juan Carlos Unzu\u00e9 y los Bomberos de Sevilla figuran entre los galardonados con estos premios<\/strong><\/li>\n<\/ul>\n\n\n<div class=\"wp-block-image\">\n<figure class=\"aligncenter size-full\"><img loading=\"lazy\" decoding=\"async\" width=\"800\" height=\"487\" src=\"https:\/\/lacronicadesevilla.es\/wp-content\/uploads\/2023\/12\/spes-nostra-23.jpg\" alt=\"\" class=\"wp-image-7685\" srcset=\"https:\/\/lacronicadesevilla.es\/wp-content\/uploads\/2023\/12\/spes-nostra-23.jpg 800w, https:\/\/lacronicadesevilla.es\/wp-content\/uploads\/2023\/12\/spes-nostra-23-300x183.jpg 300w, https:\/\/lacronicadesevilla.es\/wp-content\/uploads\/2023\/12\/spes-nostra-23-768x468.jpg 768w, https:\/\/lacronicadesevilla.es\/wp-content\/uploads\/2023\/12\/spes-nostra-23-575x350.jpg 575w, https:\/\/lacronicadesevilla.es\/wp-content\/uploads\/2023\/12\/spes-nostra-23-150x91.jpg 150w\" sizes=\"auto, (max-width: 800px) 100vw, 800px\" \/><\/figure>\n<\/div>\n\n\n<p><\/p>\n\n\n\n<p>Inma MART\u00cdN<\/p>\n\n\n\n<p>La <strong>Hermandad de la Macarena <\/strong>ha entregado sus primeros <strong>premios Spes Nostra<\/strong>, que reconocen a personas e instituciones que se comprometen socialmente y <strong>mantienen viva la esperanza.<\/strong><\/p>\n\n\n\n<!--more-->\n\n\n\n<p id=\"block-a0428dc2-ea34-4d9f-bead-e41305e5c6cb\">Para la hermandad, la intenci\u00f3n con estos galardones es distinguir el esfuerzo, la superaci\u00f3n y el compromiso que traslada a la sociedad actual un mensaje de esperanza, para seguir mostr\u00e1ndonos que merece la pena involucrarse en la construcci\u00f3n de un futuro de luz para todos.<\/p>\n\n\n\n<p id=\"block-95b7c7c4-6ded-49c0-b69c-a6ea121df4ee\">Los premios se entregaron en el transcurso de una gala ben\u00e9fica, celebrada en el <strong>Auditorio CaixaForum de Sevilla<\/strong>, que fue retransmitida por Macarena TV, bajo la direcci\u00f3n del Grupo Blogosur, para 54 pa\u00edses del mundo y estuvo presentada por la modelo Julianna Ro y el periodista Sergio Morante. <\/p>\n\n\n\n<p>Hubo <em>photocall <\/em>y alfombra roja (en esta ocasi\u00f3n, verde) por la que pasaron representantes de la vida social, cultural y pol\u00edtica de la ciudad, entre los que figuraban el alcalde de Sevilla, Jos\u00e9 Luis Sanz; el consejero de la Presidencia, Interior, Di\u00e1logo Social y Simplificaci\u00f3n Administrativa, Antonio Sanz; el delegado del Gobierno de Andaluc\u00eda en Sevilla, Ricardo S\u00e1nchez; el Defensor del Pueblo Andaluz, Jes\u00fas Maeztu; el cantaor Manuel Lombo y el torero Eduardo D\u00e1vila Miura. <\/p>\n\n\n\n<p>A su llegada al acto, el alcalde y el consejero de la Presidencia coincidieron en su mensaje de agradecimiento a la Hermandad de la Macarena, pues tal y como se\u00f1al\u00f3 Antonio Sanz, \u00abvenimos hoy aqu\u00ed para dar las gracias a este instituci\u00f3n por su solidaridad, ayudando a quien lo necesita no s\u00f3lo durante fechas se\u00f1aladas o en Semana Santa sino los 365 d\u00edas del a\u00f1o\u00bb. El consejero a\u00f1adi\u00f3 que las hermandades tienen una capilaridad y una penetraci\u00f3n social \u00aba la que no llegamos las administraciones\u00bb. Y concluy\u00f3 diciendo: \u00abGracias a la Macarena por ense\u00f1arnos el camino de la esperanza\u00bb.<\/p>\n\n\n\n<p>En respuesta a estas palabras, el hermano mayor, Jos\u00e9 Antonio Fern\u00e1ndez Cabrero, se\u00f1ala que no entiende una hermandad que no sea generosa o solidaria. Por su parte, han querido premiar a aquellas personas que se comprometen socialmente, independientemente de que sean o no sean religiosas, y de que pertenezcan o no a una hermandad. Pues para Fern\u00e1ndez Cabrero, los premios son necesarios a estas altura de siglo y \u00abcon un cambio de era en puertas -Inteligencia Artificial, tecnologizaci\u00f3n, aislamiento, cultura de la eficiencia, relativismo de valores-, la esperanza es un bien cada vez m\u00e1s escaso y que exige enormes cantidades de energ\u00eda para conservarlo y contagiarlo\u00bb. En relaci\u00f3n a los Spes Nostra, los considera \u00abpioneros e in\u00e9ditos, pero coherentes con nuestro prop\u00f3sito de avanzar hacia una hermandad a\u00fan m\u00e1s social a trav\u00e9s de acciones para potenciar la presencia y visibilidad de la Macarena en la sociedad\u00bb. <\/p>\n\n\n\n<p id=\"block-a3a3bf70-4083-4062-9486-6354031ab67d\">Son ocho premios, tantos como letras componen la palabra <em>Macarena<\/em>. Precisamente, identificando cada una de estas letras con un valor humano, los Spes Nostra han sido concedidos de la siguiente manera:<\/p>\n\n\n\n<ul class=\"wp-block-list\">\n<li>Premio <strong>M<\/strong> de &#8216;motivaci\u00f3n&#8217; a la <strong>cient\u00edfica Pilar Mateo<\/strong> por poner al servicio de los m\u00e1s desfavorecidos y vulnerables su talento investigador.<\/li>\n\n\n\n<li>Premio <strong>A<\/strong> de &#8216;amparo&#8217; para el <strong>personal de la UCI del Hospital Universitario Virgen Macarena <\/strong>por su dura labor diaria de atenci\u00f3n a enfermos cr\u00edticos convirti\u00e9ndose en la mirada, la voz o la mano que dan esperanzas a estos pacientes.<\/li>\n\n\n\n<li>Premio <strong>C <\/strong>de &#8216;cooperaci\u00f3n&#8217; para <strong>Monse\u00f1or Aguirre y su Fundaci\u00f3n Bangassou<\/strong> por su labor incansable en Rep\u00fablica Centroafricana para procurar a la poblaci\u00f3n servicios de sanidad, educaci\u00f3n y bienestar, a\u00fan a riesgo de su propia vida.<\/li>\n\n\n\n<li>Premio <strong>A<\/strong> de &#8216;arte&#8217; para la <strong>soprano Ainhoa Arteta<\/strong> por ser embajadora de la Virgen de la Esperanza en el mundo a trav\u00e9s de su m\u00fasica.<\/li>\n\n\n\n<li>Premio <strong>R<\/strong> de &#8216;responsabilidad&#8217; para Leandro Mar\u00edn Barrios, Sergio Sainz Barrera, Juli\u00e1n Hidalgo Delgado y Jos\u00e9 Manuel Dom\u00ednguez Molero, <strong>bomberos de la Unidad Canina de Sevilla<\/strong>, que rescataron con vida a una mujer y a un beb\u00e9 de entre los escombros una semana despu\u00e9s del terremoto de Turqu\u00eda.<\/li>\n\n\n\n<li>Premio <strong>E<\/strong> de &#8216;esfuerzo&#8217; para el <strong>exfutbolista Juan Carlos Unzu\u00e9<\/strong>, por su esfuerzo, superaci\u00f3n y resiliencia convirti\u00e9ndose en ejemplo para otras personas; as\u00ed como por su compromiso con la promoci\u00f3n de la investigaci\u00f3n cient\u00edfica de la ELA en Espa\u00f1a.<\/li>\n\n\n\n<li>Premio <strong>N<\/strong> de &#8216;nobleza&#8217; para <strong>Jos\u00e9 Manuel Roas y Pablo Roas<\/strong> por demostrar, marat\u00f3n tras marat\u00f3n, que el amor, la fe y la entrega siempre vencen a cualquier limitaci\u00f3n f\u00edsica o mental.<\/li>\n\n\n\n<li>Premio <strong>A<\/strong> de &#8216;alegr\u00eda&#8217; para los <strong>Vecinos de la calle Parra<\/strong> por convertir esta calle cada ma\u00f1ana de Viernes Santo en un espacio de alegr\u00eda absoluta, de reencuentros y, en definitiva, de esperanza compartida. Al tratarse de un premio colectivo, en la gala se hace entrega de una placa cer\u00e1mica, que se colocar\u00e1 en la fachada de una casa.<\/li>\n<\/ul>\n\n\n<div class=\"wp-block-image\">\n<figure class=\"aligncenter size-full\"><img loading=\"lazy\" decoding=\"async\" width=\"800\" height=\"406\" src=\"https:\/\/lacronicadesevilla.es\/wp-content\/uploads\/2023\/12\/spes-nostra-bomberos.jpg\" alt=\"\" class=\"wp-image-7686\" srcset=\"https:\/\/lacronicadesevilla.es\/wp-content\/uploads\/2023\/12\/spes-nostra-bomberos.jpg 800w, https:\/\/lacronicadesevilla.es\/wp-content\/uploads\/2023\/12\/spes-nostra-bomberos-300x152.jpg 300w, https:\/\/lacronicadesevilla.es\/wp-content\/uploads\/2023\/12\/spes-nostra-bomberos-768x390.jpg 768w, https:\/\/lacronicadesevilla.es\/wp-content\/uploads\/2023\/12\/spes-nostra-bomberos-690x350.jpg 690w, https:\/\/lacronicadesevilla.es\/wp-content\/uploads\/2023\/12\/spes-nostra-bomberos-150x76.jpg 150w\" sizes=\"auto, (max-width: 800px) 100vw, 800px\" \/><figcaption class=\"wp-element-caption\">Bomberos de Sevilla reciben el premio Spes Nostra a la responsabilidad, patrocinado por Grupo Syrsa<\/figcaption><\/figure>\n<\/div>\n\n\n<p>La entrega de estos premios fue vibrante, sumando un buen n\u00famero de momentos emotivos, durante los cuales los asistentes compartieron risas y alegr\u00edas con los galardonados. Pero tambi\u00e9n se saltaron algunas l\u00e1grimas. As\u00ed fue con el testimonio de Jos\u00e9 Manuel Roas hablando de su hijo Pablo, con par\u00e1lisis cerebral, y con quien ha corrido decenas de maratones, incluyendo el de Nueva York; las historias de rescates y supervivencia de los bomberos de Sevilla o las confesiones de la soprano Ainhoa Arteta, vestida de verde esperanza, que sorprendi\u00f3 al auditorio cantando a capela el Ave Mar\u00eda de Schubert.<\/p>\n\n\n\n<p>La gala cont\u00f3, adem\u00e1s, con las actuaciones musicales de la Sociedad Filarm\u00f3nica Nuestra Se\u00f1ora del Carmen de Salteras; el tenor Jer\u00f3nimo V\u00e1zquez; el guitarrista Juan Carlos Romero, acompa\u00f1ado de un sexteto de m\u00fasicos; la cantaora Mar\u00eda Terremoto, quien interpret\u00f3 una versi\u00f3n muy personal del tema <em>Hallelujah<\/em> de Leonard Cohen; y el pianista David Pe\u00f1a Dorante, que fue el encargado de poner el broche de oro al evento.<\/p>\n\n\n\n<p>De manera paralela a todo lo anterior y ante la vista del p\u00fablico all\u00ed presente, el escultor Mart\u00edn Lagares model\u00f3 en vivo una figura de barro. Se trata de una alegor\u00eda de la esperanza que sujeta en su mano el remate de un ancla. El artista ha donado la pieza a la hermandad para que sea subastada con fines ben\u00e9ficos.   <\/p>\n\n\n\n<div class=\"wp-block-media-text is-stacked-on-mobile\" style=\"grid-template-columns:44% auto\"><figure class=\"wp-block-media-text__media\"><img loading=\"lazy\" decoding=\"async\" width=\"450\" height=\"734\" src=\"https:\/\/lacronicadesevilla.es\/wp-content\/uploads\/2023\/11\/spes-nostra-premio-23.jpg\" alt=\"\" class=\"wp-image-7435 size-full\" srcset=\"https:\/\/lacronicadesevilla.es\/wp-content\/uploads\/2023\/11\/spes-nostra-premio-23.jpg 450w, https:\/\/lacronicadesevilla.es\/wp-content\/uploads\/2023\/11\/spes-nostra-premio-23-184x300.jpg 184w, https:\/\/lacronicadesevilla.es\/wp-content\/uploads\/2023\/11\/spes-nostra-premio-23-215x350.jpg 215w, https:\/\/lacronicadesevilla.es\/wp-content\/uploads\/2023\/11\/spes-nostra-premio-23-92x150.jpg 92w\" sizes=\"auto, (max-width: 450px) 100vw, 450px\" \/><\/figure><div class=\"wp-block-media-text__content\">\n<p><strong>La fachada de la bas\u00edlica en el galard\u00f3n<\/strong><br>El premio, obra original de <a href=\"http:\/\/www.theexvotos.com\/\">The Exvotos<\/a>, est\u00e1 sacado de la arquitectura de la fachada de la bas\u00edlica. Representa un obelisco que se erige como un modo de se\u00f1alar un lugar sagrado donde reside la esperanza. Mide 34 cent\u00edmetros y est\u00e1 realizado en arcilla terraclara, esmaltado y decorado en tonos verdes siguiendo las t\u00e9cnicas de la&nbsp; cer\u00e1mica tradicional sobreba\u00f1o. En las cuatro caras del obelisco se repite alternativamente las iniciales S y P en oro.<\/p>\n\n\n\n<p>Sus autores, Luciano Gal\u00e1n y Daniel Maldonado, explican que su propuesta \u00abjuega con la iconograf\u00eda de la Hermandad, pero sin dar vueltas a lo mismo de siempre\u201d. Pues si algo ha caracterizado a esta gala y a estos premios es su car\u00e1cter rompedor. Tradici\u00f3n y modernidad son posibles en el mundo cofrade, y as\u00ed ha quedado demostrado.<\/p>\n<\/div><\/div>\n\n\n\n<p id=\"block-74434398-1b31-474b-ab1c-1d2b5918a15e\"><\/p>\n\n\n\n<p id=\"block-fe53592d-7a3d-4778-b441-923e3c5b7b4a\"><\/p>\n","protected":false},"excerpt":{"rendered":"<p>Inma MART\u00cdN La Hermandad de la Macarena ha entregado sus primeros premios Spes Nostra, que reconocen a personas e instituciones que se comprometen socialmente y mantienen viva la esperanza. <a class=\"continue-reading-link\" href=\"https:\/\/lacronicadesevilla.es\/index.php\/2023\/12\/15\/la-macarena-entrega-sus-primeros-premios-spes-nostra-a-personas-y-empresas-que-transmiten-esperanza\/\"><\/a><\/p>\n","protected":false},"author":50,"featured_media":0,"comment_status":"closed","ping_status":"closed","sticky":false,"template":"","format":"standard","meta":{"footnotes":""},"categories":[9],"tags":[1162,1137,1189,1160,1161,18,1163],"class_list":["post-7671","post","type-post","status-publish","format-standard","hentry","category-sociedad","tag-ainhoa-arteta","tag-caixaforum","tag-esperanza","tag-hermandad-de-la-macarena","tag-premios","tag-sevilla","tag-spes-nostra"],"_links":{"self":[{"href":"https:\/\/lacronicadesevilla.es\/index.php\/wp-json\/wp\/v2\/posts\/7671","targetHints":{"allow":["GET"]}}],"collection":[{"href":"https:\/\/lacronicadesevilla.es\/index.php\/wp-json\/wp\/v2\/posts"}],"about":[{"href":"https:\/\/lacronicadesevilla.es\/index.php\/wp-json\/wp\/v2\/types\/post"}],"author":[{"embeddable":true,"href":"https:\/\/lacronicadesevilla.es\/index.php\/wp-json\/wp\/v2\/users\/50"}],"replies":[{"embeddable":true,"href":"https:\/\/lacronicadesevilla.es\/index.php\/wp-json\/wp\/v2\/comments?post=7671"}],"version-history":[{"count":32,"href":"https:\/\/lacronicadesevilla.es\/index.php\/wp-json\/wp\/v2\/posts\/7671\/revisions"}],"predecessor-version":[{"id":7712,"href":"https:\/\/lacronicadesevilla.es\/index.php\/wp-json\/wp\/v2\/posts\/7671\/revisions\/7712"}],"wp:attachment":[{"href":"https:\/\/lacronicadesevilla.es\/index.php\/wp-json\/wp\/v2\/media?parent=7671"}],"wp:term":[{"taxonomy":"category","embeddable":true,"href":"https:\/\/lacronicadesevilla.es\/index.php\/wp-json\/wp\/v2\/categories?post=7671"},{"taxonomy":"post_tag","embeddable":true,"href":"https:\/\/lacronicadesevilla.es\/index.php\/wp-json\/wp\/v2\/tags?post=7671"}],"curies":[{"name":"wp","href":"https:\/\/api.w.org\/{rel}","templated":true}]}}