{"id":799,"date":"2017-03-30T12:34:18","date_gmt":"2017-03-30T11:34:18","guid":{"rendered":"http:\/\/lacronicadesevilla.es\/?p=799"},"modified":"2024-10-15T09:28:05","modified_gmt":"2024-10-15T08:28:05","slug":"alta-cocina-y-discapacidad-se-dan-la-mano-en-el-restaurante-del-proyecto-universo-santi","status":"publish","type":"post","link":"https:\/\/lacronicadesevilla.es\/index.php\/2017\/03\/30\/alta-cocina-y-discapacidad-se-dan-la-mano-en-el-restaurante-del-proyecto-universo-santi\/","title":{"rendered":"Alta cocina y discapacidad se dan la mano en el restaurante del proyecto Universo Santi"},"content":{"rendered":"\n<p>Luciano GIL<\/p>\n\n\n\n<p>Desde hace varios a\u00f1os, la idea de crear puestos de trabajo ligados a la<strong> integraci\u00f3n social<\/strong> ha sido uno de los objetivos de multinacionales y pymes. Y esta iniciativa tambi\u00e9n es viable en el \u00e1mbito hostelero, tal y como lo ha demostrado el proyecto Universo Santi.<\/p>\n\n\n\n<!--more-->\n\n\n\n<p>En la finca El Altillo, en la gaditana localidad de<strong> Jerez<\/strong>, la fusi\u00f3n de la alta cocina con la integraci\u00f3n social y laboral de personas con discapacidad es el objetivo del proyecto Universo Santi. Tras dos a\u00f1os, esta iniciativa ya ve los frutos del trabajo y el esfuerzo realizados. \u201cSe hab\u00edan puesto muchas ideas en com\u00fan y ya era hora de llervarlas a la pr\u00e1ctica\u00bb, afirma Claudia Gonz\u00e1lez-Gordon, gerente de la fundaci\u00f3n. En concreto, se han materializado en la apertura de un <strong>restaurante<\/strong>.<\/p>\n\n\n<div class=\"wp-block-image\">\n<figure class=\"aligncenter size-full is-resized\"><img loading=\"lazy\" decoding=\"async\" width=\"374\" height=\"281\" src=\"https:\/\/lacronicadesevilla.es\/wp-content\/uploads\/2017\/07\/santi.jpg\" alt=\"\" class=\"wp-image-1014\" style=\"width:460px;height:auto\" srcset=\"https:\/\/lacronicadesevilla.es\/wp-content\/uploads\/2017\/07\/santi.jpg 374w, https:\/\/lacronicadesevilla.es\/wp-content\/uploads\/2017\/07\/santi-300x225.jpg 300w, https:\/\/lacronicadesevilla.es\/wp-content\/uploads\/2017\/07\/santi-150x113.jpg 150w\" sizes=\"auto, (max-width: 374px) 100vw, 374px\" \/><figcaption class=\"wp-element-caption\">El chef Santi Santa Mar\u00eda<\/figcaption><\/figure>\n<\/div>\n\n\n<p>El <strong><a href=\"http:\/\/universosanti.com\/\" target=\"_blank\" rel=\"noopener\">Restaurante Universo Santi <\/a><\/strong>es el principal proyecto de la fundaci\u00f3n. La idea surgi\u00f3 a trav\u00e9s de la<strong> <a href=\"http:\/\/www.fundacionuniversoaccesible.org\/\" target=\"_blank\" rel=\"noopener\">Fundaci\u00f3n Universo Accesible<\/a><\/strong>, que en palabras de su presidente, Antonio Vila Gallardo, tiene como finalidad \u00abmontar un restaurante de alta cocina, atendido por personas con discapacidad y en recuerdo del <strong>chef Santi Santamar\u00eda<\/strong>, fallecido hace seis a\u00f1os\u201d.<\/p>\n\n\n\n<p>Claudia destaca que la Fundaci\u00f3n Universo Accesible forma parte de una entidad sin \u00e1nimo de lucro creada para trabajar por la plena integraci\u00f3n laboral y social de las personas con cualquier tipo de discapacidad. De modo que alcancen su m\u00e1ximo nivel en su autonom\u00eda personal, y promoviendo y gestionando proyectos que busquen la no discriminaci\u00f3n, la igualdad de oportunidades y la accesibilidad universal.<\/p>\n\n\n\n<p>La ayuda tambi\u00e9n porcede de otros organismos, como es el caso de Fundaci\u00f3n Once, DKV Integralia o la Fundaci\u00f3n Cruzcampo, que han participado en la elecci\u00f3n y en la formaci\u00f3n del personal.<\/p>\n\n\n<div class=\"wp-block-image wp-image-1007\">\n<figure class=\"alignleft is-resized\"><img loading=\"lazy\" decoding=\"async\" width=\"450\" height=\"326\" src=\"http:\/\/lacronicadesevilla.es\/wp-content\/uploads\/2017\/06\/proyecto-santi.jpg\" alt=\"proyecto-santi\" class=\"wp-image-1007\" style=\"width:472px;height:auto\" srcset=\"https:\/\/lacronicadesevilla.es\/wp-content\/uploads\/2017\/06\/proyecto-santi.jpg 450w, https:\/\/lacronicadesevilla.es\/wp-content\/uploads\/2017\/06\/proyecto-santi-300x217.jpg 300w, https:\/\/lacronicadesevilla.es\/wp-content\/uploads\/2017\/06\/proyecto-santi-150x109.jpg 150w\" sizes=\"auto, (max-width: 450px) 100vw, 450px\" \/><figcaption class=\"wp-element-caption\">Alta cocina en el restaurante Universo Santi<\/figcaption><\/figure>\n<\/div>\n\n\n<p>Este es un proyecto de largo recorrido y de gran envergadura, ya que implica muchos aspectos como son la acci\u00f3n social, la cultura, la naturaleza, la gastronom\u00eda&#8230; \u201cLa combinaci\u00f3n de todos ellos lo convierte en una iniciativa \u00fanica, y como jerezana me siento orgullosa de que se est\u00e9 llevando a cabo en nuestra ciudad\u201d, declara Claudia.<\/p>\n\n\n\n<p>Los fogones de este establecimiento tienen la esencia de Santi Santamar\u00eda, pues sus disc\u00edpulos, \u00d3scar Velasco, cocinero con dos estrellas Michel\u00edn, y el mejor ma\u00eetre de Espa\u00f1a, Abel Valverde, lideran este proyecto como chef y director gastron\u00f3mico, respectivamente. <\/p>\n\n\n\n<p>Santi Santamar\u00eda cre\u00f3 una escuela basada en la cocina de producto y de alta calidad.\u00a0Afortunadamente, dej\u00f3 grandes disc\u00edpulos, como Velasco y Valverde, y grandes amigos del mundo de la gastronom\u00eda, como Berasategui, los hermanos Roca, los hermanos Torres y <strong>Juan Mari Arzak<\/strong>, entre otros, quienes p\u00fablicamente han mostrado su deseo de colaborar.<\/p>\n\n\n\n<p>La Fundaci\u00f3n ha puesto en marcha un centro de formaci\u00f3n, donde chicos y chicas aprenden las t\u00e9cnicas de la alta cocina. Estando en contacto directo con las bodegas Gonz\u00e1lez-Byass, que tambi\u00e9n apoya y colabora en el proyecto, los alumnos conocen el mundo del vino, hacen cursillos de catas, maridajes&#8230;<\/p>\n","protected":false},"excerpt":{"rendered":"<p>Luciano GIL Desde hace varios a\u00f1os, la idea de crear puestos de trabajo ligados a la integraci\u00f3n social ha sido uno de los objetivos de multinacionales y pymes. Y esta iniciativa tambi\u00e9n es viable en el \u00e1mbito hostelero, tal y como lo ha demostrado el proyecto Universo Santi. <a class=\"continue-reading-link\" href=\"https:\/\/lacronicadesevilla.es\/index.php\/2017\/03\/30\/alta-cocina-y-discapacidad-se-dan-la-mano-en-el-restaurante-del-proyecto-universo-santi\/\"><\/a><\/p>\n","protected":false},"author":50,"featured_media":0,"comment_status":"closed","ping_status":"closed","sticky":false,"template":"","format":"standard","meta":{"footnotes":""},"categories":[9],"tags":[247,233,246,57,251,187,40,248,29,250,31,249],"class_list":["post-799","post","type-post","status-publish","format-standard","hentry","category-sociedad","tag-altacocina","tag-cadiz","tag-fundacion","tag-gastronomia","tag-integracion","tag-jerez","tag-salud","tag-sherry","tag-solidaridad","tag-vinos","tag-voluntariado","tag-wines"],"_links":{"self":[{"href":"https:\/\/lacronicadesevilla.es\/index.php\/wp-json\/wp\/v2\/posts\/799","targetHints":{"allow":["GET"]}}],"collection":[{"href":"https:\/\/lacronicadesevilla.es\/index.php\/wp-json\/wp\/v2\/posts"}],"about":[{"href":"https:\/\/lacronicadesevilla.es\/index.php\/wp-json\/wp\/v2\/types\/post"}],"author":[{"embeddable":true,"href":"https:\/\/lacronicadesevilla.es\/index.php\/wp-json\/wp\/v2\/users\/50"}],"replies":[{"embeddable":true,"href":"https:\/\/lacronicadesevilla.es\/index.php\/wp-json\/wp\/v2\/comments?post=799"}],"version-history":[{"count":25,"href":"https:\/\/lacronicadesevilla.es\/index.php\/wp-json\/wp\/v2\/posts\/799\/revisions"}],"predecessor-version":[{"id":9072,"href":"https:\/\/lacronicadesevilla.es\/index.php\/wp-json\/wp\/v2\/posts\/799\/revisions\/9072"}],"wp:attachment":[{"href":"https:\/\/lacronicadesevilla.es\/index.php\/wp-json\/wp\/v2\/media?parent=799"}],"wp:term":[{"taxonomy":"category","embeddable":true,"href":"https:\/\/lacronicadesevilla.es\/index.php\/wp-json\/wp\/v2\/categories?post=799"},{"taxonomy":"post_tag","embeddable":true,"href":"https:\/\/lacronicadesevilla.es\/index.php\/wp-json\/wp\/v2\/tags?post=799"}],"curies":[{"name":"wp","href":"https:\/\/api.w.org\/{rel}","templated":true}]}}