{"id":8291,"date":"2024-03-27T08:28:09","date_gmt":"2024-03-27T07:28:09","guid":{"rendered":"https:\/\/lacronicadesevilla.es\/?p=8291"},"modified":"2024-04-03T08:52:51","modified_gmt":"2024-04-03T07:52:51","slug":"un-tardeo-de-primavera-en-la-terraza-del-hotel-don-ramon","status":"publish","type":"post","link":"https:\/\/lacronicadesevilla.es\/index.php\/2024\/03\/27\/un-tardeo-de-primavera-en-la-terraza-del-hotel-don-ramon\/","title":{"rendered":"Un tardeo de primavera en la terraza del hotel Don Ram\u00f3n"},"content":{"rendered":"\n<ul class=\"wp-block-list\">\n<li><strong>Est\u00e1 previsto que este espacio, ubicado en la azotea, acoja exposiciones y conciertos de jazz<\/strong><\/li>\n<\/ul>\n\n\n<div class=\"wp-block-image\">\n<figure class=\"aligncenter size-full is-resized\"><img loading=\"lazy\" decoding=\"async\" width=\"800\" height=\"550\" src=\"https:\/\/lacronicadesevilla.es\/wp-content\/uploads\/2024\/04\/terraza-don-ramon-2.jpg\" alt=\"\" class=\"wp-image-8322\" style=\"width:712px;height:auto\" srcset=\"https:\/\/lacronicadesevilla.es\/wp-content\/uploads\/2024\/04\/terraza-don-ramon-2.jpg 800w, https:\/\/lacronicadesevilla.es\/wp-content\/uploads\/2024\/04\/terraza-don-ramon-2-300x206.jpg 300w, https:\/\/lacronicadesevilla.es\/wp-content\/uploads\/2024\/04\/terraza-don-ramon-2-768x528.jpg 768w, https:\/\/lacronicadesevilla.es\/wp-content\/uploads\/2024\/04\/terraza-don-ramon-2-509x350.jpg 509w, https:\/\/lacronicadesevilla.es\/wp-content\/uploads\/2024\/04\/terraza-don-ramon-2-150x103.jpg 150w\" sizes=\"auto, (max-width: 800px) 100vw, 800px\" \/><\/figure>\n<\/div>\n\n\n<p><\/p>\n\n\n\n<p>Inma MART\u00cdN<\/p>\n\n\n\n<p>El <strong>tardeo<\/strong> est\u00e1 de moda. Se trata, sencillamente, de salir a la calle en horario vespertino para pasear, socializar, merendar o tomar un aperitivo. En Sevilla, un nuevo lugar id\u00f3neo para disfrutar de esta experiencia es la <strong>terraza del hotel Casa Palacio Don Ram\u00f3n<\/strong>, abierta al p\u00fablico y preparada para acoger agradables tardes de primavera.<\/p>\n\n\n\n<!--more-->\n\n\n\n<p>Para Saray Casta\u00f1o, la directora de este hotel cinco estrellas gran lujo, esta terraza \u201ces una manera de abrir el hotel a los ciudadanos, conectando con la vida social y cultural de Sevilla\u201d. De hecho, todo el hotel, construido en una casa palacio del siglo XVIII, est\u00e1 ligado, intencionadamente y de manera muy cuidada, a la tradici\u00f3n de la ciudad.&nbsp;<\/p>\n\n\n\n<p>Lo mismo ocurre en la terraza, con un dise\u00f1o elegante caracterizado por el toque fresco que proporcionan la piscina, los colores verdes y azules, las plantas y las flores, como las alegres buganvillas; y el empleo de materiales aut\u00f3ctonos, como <strong>el esparto y la cer\u00e1mica<\/strong>, presente en las baldosas del suelo y, tambi\u00e9n, en los platos y las coloridas figuras de peces que adornan las paredes.&nbsp;<\/p>\n\n\n\n<div class=\"wp-block-media-text is-stacked-on-mobile\" style=\"grid-template-columns:68% auto\"><figure class=\"wp-block-media-text__media\"><img loading=\"lazy\" decoding=\"async\" width=\"700\" height=\"480\" src=\"https:\/\/lacronicadesevilla.es\/wp-content\/uploads\/2024\/04\/terraza-don-ramon-1.jpg\" alt=\"\" class=\"wp-image-8323 size-full\" srcset=\"https:\/\/lacronicadesevilla.es\/wp-content\/uploads\/2024\/04\/terraza-don-ramon-1.jpg 700w, https:\/\/lacronicadesevilla.es\/wp-content\/uploads\/2024\/04\/terraza-don-ramon-1-300x206.jpg 300w, https:\/\/lacronicadesevilla.es\/wp-content\/uploads\/2024\/04\/terraza-don-ramon-1-510x350.jpg 510w, https:\/\/lacronicadesevilla.es\/wp-content\/uploads\/2024\/04\/terraza-don-ramon-1-150x103.jpg 150w\" sizes=\"auto, (max-width: 700px) 100vw, 700px\" \/><\/figure><div class=\"wp-block-media-text__content\">\n<p><strong>Peces de cer\u00e1mica<\/strong><br>Detalle de un rinc\u00f3n<br>de la terraza del hotel<br>Casa Palacio Don Ram\u00f3n<\/p>\n<\/div><\/div>\n\n\n\n<p><\/p>\n\n\n\n<p>En palabras de su directora, la terraza se inaugura con la intenci\u00f3n de recuperar la tradici\u00f3n de las meriendas con <strong>tartas caseras o dulces de temporada<\/strong> como la torrija. Adem\u00e1s, cuenta en su bar con una amplia carta de vinos, bebidas espirituosas y c\u00f3cteles. Casta\u00f1o a\u00f1ade que, tambi\u00e9n, est\u00e1n previstas <strong>exposiciones y actuaciones musicales<\/strong> acordes al estilo de esta terraza, tales como jazz, cl\u00e1sica o conciertos de cuerdas.<\/p>\n\n\n\n<p>En definitiva, la terraza del Don Ram\u00f3n es un coqueto vergel urbano, complemento perfecto de este singular hotel, para tardear sin prisas en el centro de Sevilla hasta bien pasada la puesta de sol.<\/p>\n","protected":false},"excerpt":{"rendered":"<p>Inma MART\u00cdN El tardeo est\u00e1 de moda. Se trata, sencillamente, de salir a la calle en horario vespertino para pasear, socializar, merendar o tomar un aperitivo. En Sevilla, un nuevo lugar id\u00f3neo para disfrutar de esta experiencia es la terraza del hotel Casa Palacio Don Ram\u00f3n, abierta al p\u00fablico y\u2026 <a class=\"continue-reading-link\" href=\"https:\/\/lacronicadesevilla.es\/index.php\/2024\/03\/27\/un-tardeo-de-primavera-en-la-terraza-del-hotel-don-ramon\/\"><\/a><\/p>\n","protected":false},"author":50,"featured_media":0,"comment_status":"closed","ping_status":"closed","sticky":false,"template":"","format":"standard","meta":{"footnotes":""},"categories":[8],"tags":[196,160,1223,1225,18,1221,1222,1220,1224],"class_list":["post-8291","post","type-post","status-publish","format-standard","hentry","category-sevilla","tag-centro","tag-coctel","tag-hotel-don-ramon","tag-meriendas","tag-sevilla","tag-tardear","tag-tardeo","tag-terraza","tag-verrano"],"_links":{"self":[{"href":"https:\/\/lacronicadesevilla.es\/index.php\/wp-json\/wp\/v2\/posts\/8291","targetHints":{"allow":["GET"]}}],"collection":[{"href":"https:\/\/lacronicadesevilla.es\/index.php\/wp-json\/wp\/v2\/posts"}],"about":[{"href":"https:\/\/lacronicadesevilla.es\/index.php\/wp-json\/wp\/v2\/types\/post"}],"author":[{"embeddable":true,"href":"https:\/\/lacronicadesevilla.es\/index.php\/wp-json\/wp\/v2\/users\/50"}],"replies":[{"embeddable":true,"href":"https:\/\/lacronicadesevilla.es\/index.php\/wp-json\/wp\/v2\/comments?post=8291"}],"version-history":[{"count":13,"href":"https:\/\/lacronicadesevilla.es\/index.php\/wp-json\/wp\/v2\/posts\/8291\/revisions"}],"predecessor-version":[{"id":8332,"href":"https:\/\/lacronicadesevilla.es\/index.php\/wp-json\/wp\/v2\/posts\/8291\/revisions\/8332"}],"wp:attachment":[{"href":"https:\/\/lacronicadesevilla.es\/index.php\/wp-json\/wp\/v2\/media?parent=8291"}],"wp:term":[{"taxonomy":"category","embeddable":true,"href":"https:\/\/lacronicadesevilla.es\/index.php\/wp-json\/wp\/v2\/categories?post=8291"},{"taxonomy":"post_tag","embeddable":true,"href":"https:\/\/lacronicadesevilla.es\/index.php\/wp-json\/wp\/v2\/tags?post=8291"}],"curies":[{"name":"wp","href":"https:\/\/api.w.org\/{rel}","templated":true}]}}