{"id":8610,"date":"2024-05-21T14:10:11","date_gmt":"2024-05-21T13:10:11","guid":{"rendered":"https:\/\/lacronicadesevilla.es\/?p=8610"},"modified":"2024-05-23T10:28:04","modified_gmt":"2024-05-23T09:28:04","slug":"espana-y-portugal-muy-presentes-en-la-inauguracion-por-todo-lo-alto-del-hotel-vila-gale-isla-canela","status":"publish","type":"post","link":"https:\/\/lacronicadesevilla.es\/index.php\/2024\/05\/21\/espana-y-portugal-muy-presentes-en-la-inauguracion-por-todo-lo-alto-del-hotel-vila-gale-isla-canela\/","title":{"rendered":"Espa\u00f1a y Portugal, muy presentes en la fiesta de inauguraci\u00f3n del hotel Vila Gal\u00e9 Isla Canela"},"content":{"rendered":"\n<ul class=\"wp-block-list\">\n<li><strong>La cadena lusa se estrena en el mercado nacional con este establecimiento de cuatro estrellas<\/strong><\/li>\n<\/ul>\n\n\n<div class=\"wp-block-image\">\n<figure class=\"aligncenter size-full is-resized\"><img loading=\"lazy\" decoding=\"async\" width=\"700\" height=\"525\" src=\"https:\/\/lacronicadesevilla.es\/wp-content\/uploads\/2024\/05\/vila-gale-isla-canela-piscina.jpg\" alt=\"\" class=\"wp-image-8617\" style=\"width:642px;height:auto\" srcset=\"https:\/\/lacronicadesevilla.es\/wp-content\/uploads\/2024\/05\/vila-gale-isla-canela-piscina.jpg 700w, https:\/\/lacronicadesevilla.es\/wp-content\/uploads\/2024\/05\/vila-gale-isla-canela-piscina-300x225.jpg 300w, https:\/\/lacronicadesevilla.es\/wp-content\/uploads\/2024\/05\/vila-gale-isla-canela-piscina-467x350.jpg 467w, https:\/\/lacronicadesevilla.es\/wp-content\/uploads\/2024\/05\/vila-gale-isla-canela-piscina-150x113.jpg 150w\" sizes=\"auto, (max-width: 700px) 100vw, 700px\" \/><\/figure>\n<\/div>\n\n\n<p><\/p>\n\n\n\n<p>Inma MART\u00cdN<\/p>\n\n\n\n<p>La marca portuguesa <strong>Vila Gal\u00e9<\/strong> ha inaugurado en la onubense Costa de la Luz su primer hotel en Espa\u00f1a, un cuatro estrellas con acceso directo a la playa que cuenta con <strong>300 habitaciones con balc\u00f3n<\/strong>.<\/p>\n\n\n\n<!--more-->\n\n\n\n<p>Para la puesta en marcha del nuevo <strong>Hotel Vila Gal\u00e9 Isla Canela<\/strong>, ubicado en <strong>Ayamonte<\/strong> y a escasos kil\u00f3metros del <strong>Algarve<\/strong>, el Grupo Pryconsa ha ejecutado la reforma sobre una unidad hotelera existente, que estaba gestionada por el grupo Iberostar. En este sentido, el edificio est\u00e1 siendo sometido, de manera progresiva, a un proceso de remodelaci\u00f3n integral, que se prev\u00e9 estar\u00e1 concluido en un par de a\u00f1os. Hasta la fecha, se han modernizado el hall de hotel, al que se ha incorporado un piano bar, el amplio sal\u00f3n comedor con vistas a las piscinas y la zona <em>wellness,<\/em> con cuatro cabinas de tratamiento, sauna, ducha Vichy y gimnasio.\u00a0<\/p>\n\n\n\n<p>Por su parte, las habitaciones tambi\u00e9n ser\u00e1n reformadas, a pesar de que en la actualidad se encuentran todas ellas en buen estado y totalmente funcionales. La original propuesta consiste en una decoraci\u00f3n tem\u00e1tica, de manera que cada una de estas estancias estar\u00e1 dedicada a una estrella de la m\u00fasica pop, rock o del soul de las d\u00e9cadas de los 60, 70 o 80. As\u00ed pues, las habitaciones piloto, que ya est\u00e1n finalizadas, llevan la impronta de Tina Turner o los Bee Gees, entre otros artistas.&nbsp;<\/p>\n\n\n<div class=\"wp-block-image\">\n<figure class=\"aligncenter size-full\"><img loading=\"lazy\" decoding=\"async\" width=\"800\" height=\"452\" src=\"https:\/\/lacronicadesevilla.es\/wp-content\/uploads\/2024\/05\/vila-gale-tina.jpg\" alt=\"\" class=\"wp-image-8624\" srcset=\"https:\/\/lacronicadesevilla.es\/wp-content\/uploads\/2024\/05\/vila-gale-tina.jpg 800w, https:\/\/lacronicadesevilla.es\/wp-content\/uploads\/2024\/05\/vila-gale-tina-300x170.jpg 300w, https:\/\/lacronicadesevilla.es\/wp-content\/uploads\/2024\/05\/vila-gale-tina-768x434.jpg 768w, https:\/\/lacronicadesevilla.es\/wp-content\/uploads\/2024\/05\/vila-gale-tina-619x350.jpg 619w, https:\/\/lacronicadesevilla.es\/wp-content\/uploads\/2024\/05\/vila-gale-tina-150x85.jpg 150w\" sizes=\"auto, (max-width: 800px) 100vw, 800px\" \/><figcaption class=\"wp-element-caption\"><strong>En breve, las habitaciones tendr\u00e1n una decoraci\u00f3n inspirada en artistas como Tina Tuner<\/strong><\/figcaption><\/figure>\n<\/div>\n\n\n<p>Todo ello respetando la arquitectura original del edificio, de influencia \u00e1rabe, en cuyos elementos predominan los colores claros, como son el blanco y los tonos tostados, que potencian la amplitud de los espacios.<\/p>\n\n\n\n<p>La inauguraci\u00f3n del <strong>Vila Gal\u00e9 Isla Canela<\/strong> fue por todo lo alto. Para abrir boca, el evento comenz\u00f3 a media tarde con un c\u00f3ctel en el luminoso hall de hotel, que estuvo amenizado por la m\u00fasica de una alegre charanga. A continuaci\u00f3n, el <strong>presidente del Grupo Vila Gal\u00e9, Jorge Rebelo de Almeida<\/strong>, salud\u00f3 a los invitados. En su discurso destac\u00f3 su doble \u201calegr\u00eda en un d\u00eda especial\u201d, pues se cumple el deseo de la compa\u00f1\u00eda de entrar en Espa\u00f1a y, adem\u00e1s, porque lo hacen desde Andaluc\u00eda, una regi\u00f3n ligada hist\u00f3rica y culturalmente a Portugal desde los tiempos del Reino de Al-Andalus. Adem\u00e1s, defini\u00f3 al grupo Vila Gal\u00e9 Hot\u00e9is como un equipo de \u201cgente sencilla, que trabaja mucho y que, m\u00e1s que una pasi\u00f3n, tienen el vicio de crear hoteles\u201d.&nbsp;<\/p>\n\n\n\n<p>Los dos pa\u00edses, Espa\u00f1a y Portugal, estuvieron bien presentes a lo largo de toda velada. As\u00ed se hizo notar durante la cena de gala, donde se sirvi\u00f3 paella y, tambi\u00e9n, <em>bacalhau \u00e0 Br\u00e1s<\/em>, la deliciosa receta t\u00edpica de la gastronom\u00eda lusa a base de bacalao, huevo, cebolla y patatas. De postre, entre otros dulces, arroz con leche, crumble de manzana o tarta de chocolate.<\/p>\n\n\n<div class=\"wp-block-image\">\n<figure class=\"aligncenter size-full\"><img loading=\"lazy\" decoding=\"async\" width=\"800\" height=\"390\" src=\"https:\/\/lacronicadesevilla.es\/wp-content\/uploads\/2024\/05\/vila-gale-isla-canela-cuca-roseta.jpg\" alt=\"\" class=\"wp-image-8618\" srcset=\"https:\/\/lacronicadesevilla.es\/wp-content\/uploads\/2024\/05\/vila-gale-isla-canela-cuca-roseta.jpg 800w, https:\/\/lacronicadesevilla.es\/wp-content\/uploads\/2024\/05\/vila-gale-isla-canela-cuca-roseta-300x146.jpg 300w, https:\/\/lacronicadesevilla.es\/wp-content\/uploads\/2024\/05\/vila-gale-isla-canela-cuca-roseta-768x374.jpg 768w, https:\/\/lacronicadesevilla.es\/wp-content\/uploads\/2024\/05\/vila-gale-isla-canela-cuca-roseta-718x350.jpg 718w, https:\/\/lacronicadesevilla.es\/wp-content\/uploads\/2024\/05\/vila-gale-isla-canela-cuca-roseta-150x73.jpg 150w\" sizes=\"auto, (max-width: 800px) 100vw, 800px\" \/><figcaption class=\"wp-element-caption\"><strong>Un momento de la actuaci\u00f3n de la cantante de fados Cuca Roseta<\/strong><\/figcaption><\/figure>\n<\/div>\n\n\n<p>A continuaci\u00f3n, comenz\u00f3 un espect\u00e1culo, que cont\u00f3 con un cuadro flamenco y la actuaci\u00f3n de la popular <strong>fadista Cuca Roseta<\/strong>, quien interpret\u00f3 algunos de sus temas acompa\u00f1ada por el bailaor Jes\u00fas Ortega. En definitiva, una fusi\u00f3n de flamenco y fado que, a partes iguales, sorprendi\u00f3 y emocion\u00f3 al p\u00fablico. La fiesta continu\u00f3 hasta bien entrada la madrugada con m\u00fasica, baile y la animaci\u00f3n del <em>showman<\/em> portugu\u00e9s Fernando Pereira.<\/p>\n\n\n\n<p><strong>Crecer en Espa\u00f1a con hoteles en Madrid y Sevilla<\/strong><br>Antes de celebrar la inauguraci\u00f3n del hotel, tuvo lugar una rueda de prensa, donde los periodistas fueron recibidos por el presidente de Vila Gal\u00e9, Jorge Rebelo de Almeida, que estuvo acompa\u00f1ado por sus hijos; la directora del hotel, Inmaculada Mu\u00f1oz; y el director de Marketing y Ventas del grupo, Pedro Ribeiro. Almeida destac\u00f3 del hotel \u00absus dos buenos restaurantes\u00bb, el Versatil y el Massa Fina de comida italiana; otros espacios peculiares, entre los que figura la sala de fiestas y eventos; as\u00ed como la propia filosof\u00eda de la empresa, basada en el trato amable y la simpat\u00eda del personal con los clientes. Un intangible, sumamente valioso, que pudo apreciarse durante los actos que conformaron la apertura oficial del establecimiento.<\/p>\n\n\n<div class=\"wp-block-image\">\n<figure class=\"aligncenter size-full\"><img loading=\"lazy\" decoding=\"async\" width=\"800\" height=\"389\" src=\"https:\/\/lacronicadesevilla.es\/wp-content\/uploads\/2024\/05\/vila-gale-isla-canela-rueda-prensa-1.jpg\" alt=\"\" class=\"wp-image-8622\" srcset=\"https:\/\/lacronicadesevilla.es\/wp-content\/uploads\/2024\/05\/vila-gale-isla-canela-rueda-prensa-1.jpg 800w, https:\/\/lacronicadesevilla.es\/wp-content\/uploads\/2024\/05\/vila-gale-isla-canela-rueda-prensa-1-300x146.jpg 300w, https:\/\/lacronicadesevilla.es\/wp-content\/uploads\/2024\/05\/vila-gale-isla-canela-rueda-prensa-1-768x373.jpg 768w, https:\/\/lacronicadesevilla.es\/wp-content\/uploads\/2024\/05\/vila-gale-isla-canela-rueda-prensa-1-720x350.jpg 720w, https:\/\/lacronicadesevilla.es\/wp-content\/uploads\/2024\/05\/vila-gale-isla-canela-rueda-prensa-1-150x73.jpg 150w\" sizes=\"auto, (max-width: 800px) 100vw, 800px\" \/><figcaption class=\"wp-element-caption\"><strong>Jorge Almeida (centro) y la directora del hotel, Inmaculada Mu\u00f1oz, durante la rueda de prensa<\/strong><\/figcaption><\/figure>\n<\/div>\n\n\n<p>De momento, el hotel Vila Gal\u00e9 Isla Canela permanecer\u00e1 abierto durante siete meses del a\u00f1o, coincidiendo con la primavera y el periodo estival. No obstante, Almeida no descarta la idea de ampliar la temporada de apertura hasta los nueve o diez meses, aprovechando las infraestruturas de golf presentes en la zona. Aunque este objetivo de desestacionalizaci\u00f3n depender\u00e1 de c\u00f3mo evolucione el destino Isla Canela y de las decisiones que tomen otros hoteles locales y las administraciones p\u00fablicas.<\/p>\n\n\n\n<p>Sobre el crecimiento de la empresa en Espa\u00f1a, Almeida se\u00f1al\u00f3 su inter\u00e9s por abrir sendos hoteles en Sevilla y en Madrid. En el caso de la ciudad andaluza, confes\u00f3 que siente predilecci\u00f3n por el emblem\u00e1tico barrio de Santa Cruz. As\u00edmismo, se pronunci\u00f3 sobre la proliferaci\u00f3n de pisos tur\u00edsticos, considerando que son productos distintos a los hoteles y que es normal que haya esta variedad de alojamientos en el mercado. Para el presidente de Vila Gal\u00e9, la prioridad en el sector debe ser \u201cdistribuir mejor la concentraci\u00f3n del turismo para no hacer desagradable la vida de las personas que habitan en ciudades masificadas\u201d. En este sentido, aboga por potenciar las l\u00edneas de tren que desplacen a los turistas a otros destinos menos colapsados, pero igualmente interesantes.<\/p>\n\n\n\n<p>Con esta apertura, Vila Gal\u00e9 Isla Canela se suma a la cartera del segundo grupo hotelero m\u00e1s grande de Portugal, <strong>Vila Gal\u00e9 Hot\u00e9is<\/strong>, que ya cuenta con otros 43 establecimientos repartidos entre Portugal, Brasil y Cuba, que suman un total de casi 10.000 habitaciones.<\/p>\n","protected":false},"excerpt":{"rendered":"<p>Inma MART\u00cdN La marca portuguesa Vila Gal\u00e9 ha inaugurado en la onubense Costa de la Luz su primer hotel en Espa\u00f1a, un cuatro estrellas con acceso directo a la playa que cuenta con 300 habitaciones con balc\u00f3n. <a class=\"continue-reading-link\" href=\"https:\/\/lacronicadesevilla.es\/index.php\/2024\/05\/21\/espana-y-portugal-muy-presentes-en-la-inauguracion-por-todo-lo-alto-del-hotel-vila-gale-isla-canela\/\"><\/a><\/p>\n","protected":false},"author":50,"featured_media":0,"comment_status":"closed","ping_status":"closed","sticky":false,"template":"","format":"standard","meta":{"footnotes":""},"categories":[10],"tags":[],"class_list":["post-8610","post","type-post","status-publish","format-standard","hentry","category-economia"],"_links":{"self":[{"href":"https:\/\/lacronicadesevilla.es\/index.php\/wp-json\/wp\/v2\/posts\/8610","targetHints":{"allow":["GET"]}}],"collection":[{"href":"https:\/\/lacronicadesevilla.es\/index.php\/wp-json\/wp\/v2\/posts"}],"about":[{"href":"https:\/\/lacronicadesevilla.es\/index.php\/wp-json\/wp\/v2\/types\/post"}],"author":[{"embeddable":true,"href":"https:\/\/lacronicadesevilla.es\/index.php\/wp-json\/wp\/v2\/users\/50"}],"replies":[{"embeddable":true,"href":"https:\/\/lacronicadesevilla.es\/index.php\/wp-json\/wp\/v2\/comments?post=8610"}],"version-history":[{"count":27,"href":"https:\/\/lacronicadesevilla.es\/index.php\/wp-json\/wp\/v2\/posts\/8610\/revisions"}],"predecessor-version":[{"id":8644,"href":"https:\/\/lacronicadesevilla.es\/index.php\/wp-json\/wp\/v2\/posts\/8610\/revisions\/8644"}],"wp:attachment":[{"href":"https:\/\/lacronicadesevilla.es\/index.php\/wp-json\/wp\/v2\/media?parent=8610"}],"wp:term":[{"taxonomy":"category","embeddable":true,"href":"https:\/\/lacronicadesevilla.es\/index.php\/wp-json\/wp\/v2\/categories?post=8610"},{"taxonomy":"post_tag","embeddable":true,"href":"https:\/\/lacronicadesevilla.es\/index.php\/wp-json\/wp\/v2\/tags?post=8610"}],"curies":[{"name":"wp","href":"https:\/\/api.w.org\/{rel}","templated":true}]}}