{"id":8645,"date":"2024-06-17T12:02:54","date_gmt":"2024-06-17T11:02:54","guid":{"rendered":"https:\/\/lacronicadesevilla.es\/?p=8645"},"modified":"2024-06-18T09:50:13","modified_gmt":"2024-06-18T08:50:13","slug":"carmela-rios-el-bulo-es-mas-fuerte-y-se-viraliza-mas-rapido-que-el-desmentido","status":"publish","type":"post","link":"https:\/\/lacronicadesevilla.es\/index.php\/2024\/06\/17\/carmela-rios-el-bulo-es-mas-fuerte-y-se-viraliza-mas-rapido-que-el-desmentido\/","title":{"rendered":"Carmela R\u00edos: \u00abEl bulo es m\u00e1s fuerte y se viraliza m\u00e1s r\u00e1pido que el desmentido\u00bb"},"content":{"rendered":"\n<ul class=\"wp-block-list\">\n<li><strong>La periodista reclama nuevas regulaciones frente a la desinformaci\u00f3n en el periodismo<\/strong><\/li>\n<\/ul>\n\n\n<div class=\"wp-block-image\">\n<figure class=\"aligncenter size-full is-resized\"><img loading=\"lazy\" decoding=\"async\" width=\"720\" height=\"466\" src=\"https:\/\/lacronicadesevilla.es\/wp-content\/uploads\/2024\/05\/carmela-rios.jpg\" alt=\"\" class=\"wp-image-8685\" style=\"width:606px;height:auto\" srcset=\"https:\/\/lacronicadesevilla.es\/wp-content\/uploads\/2024\/05\/carmela-rios.jpg 720w, https:\/\/lacronicadesevilla.es\/wp-content\/uploads\/2024\/05\/carmela-rios-300x194.jpg 300w, https:\/\/lacronicadesevilla.es\/wp-content\/uploads\/2024\/05\/carmela-rios-541x350.jpg 541w, https:\/\/lacronicadesevilla.es\/wp-content\/uploads\/2024\/05\/carmela-rios-150x97.jpg 150w\" sizes=\"auto, (max-width: 720px) 100vw, 720px\" \/><\/figure>\n<\/div>\n\n\n<p><\/p>\n\n\n\n<p>Natalia R\u00cdOS<\/p>\n\n\n\n<p><strong>Carmela R\u00edos<\/strong> es una destacada periodista espa\u00f1ola reconocida por su trabajo como reportera de televisi\u00f3n y su activismo en <strong>derechos humanos y g\u00e9nero<\/strong>. <\/p>\n\n\n\n<!--more-->\n\n\n\n<p>Actualmente, ha enfocado su carrera a la comunicaci\u00f3n digital, con especial \u00e9nfasis en los procesos de desinformaci\u00f3n. Inici\u00f3 su trayectoria laboral en la d\u00e9cada de 1990 y desde entonces ha trabajado en medios de comunicaci\u00f3n a nivel internacional. Durante una d\u00e9cada fue <strong>corresponsal en Par\u00eds para Antena 3 y la CNN<\/strong>, donde, adem\u00e1s, colabor\u00f3 con French Press. Ha sido pionera en el uso de las redes sociales como herramienta period\u00edstica. En particular, su cobertura del movimiento 15M a trav\u00e9s de Twitter le vali\u00f3 el prestigioso <strong>Premio Ortega y Gasset de Periodismo Digital en 2011.<\/strong><\/p>\n\n\n\n<p>Este enfoque la ha llevado a liderar estrategias de medios digitales en <strong>Unidad Editorial<\/strong>. Adem\u00e1s, R\u00edos es una conferenciante que comparte su conocimiento en foros acad\u00e9micos y profesionales, participando en charlas y debates sobre <strong>periodismo de datos, comunicaci\u00f3n pol\u00edtica y desinformaci\u00f3n en la Red<\/strong>. De hecho, su experiencia en cobertura m\u00f3vil y redes sociales la han convertido en una experta en la confluencia entre tecnolog\u00eda y periodismo.<\/p>\n\n\n\n<p>Sobre las consecuencias de publicar noticias falsas en internet, se\u00f1ala que \u00abte\u00f3ricamente, la desinformaci\u00f3n ya tiene un encaje legal. La mentira, la calumnia y ese tipo de contenidos tienen un recorrido y un reproche penal\u201d, explica R\u00edos. A\u00f1ade que \u00ablas autoridades o los legisladores han tardado o tardan tiempo en buscar o pactar leyes que controlen esta nueva realidad de mentiras que se trasladan con mucha fuerza dentro de las redes sociales\u201d. Para la periodista, calumniar a una persona en redes sociales es un delito y para luchar contra ello las normas deben actualizarse continuamente.<\/p>\n\n\n\n<blockquote class=\"wp-block-quote is-layout-flow wp-block-quote-is-layout-flow\">\n<p class=\"has-white-background-color has-background has-medium-font-size\"><strong>\u00abCalumniar a una persona en redes es un delito y para evitarlo las normas deben actualizarse continuamente\u00bb<\/strong><\/p>\n<\/blockquote>\n\n\n\n<p>Al ser preguntada acerca del poder que tienen los influencers sobre la opini\u00f3n p\u00fablica, para R\u00edos, \u00abel problema reside en que son personas que tienen un determinado n\u00famero de seguidores y cierta capacidad para trasmitir en redes sociales, con un altavoz enorme, como el que antes ten\u00edan los medios de comunicaci\u00f3n\u201d. De modo que, a diferencia de anta\u00f1o, \u00abestas personas ya no necesitan medios de comunicaci\u00f3n ni empresas para hacerse ver y o\u00edr\u00bb.<\/p>\n\n\n\n<p>Expresa su preocupaci\u00f3n sobre el contenido que estos influencers pueden difundir. Entre los temas que tratan se pueden encontrar bromas, consejos de est\u00e9tica o recomendaciones de restaurantes; \u00abel riesgo surge cuando el influencer se especializa en nichos sensibles, como la salud o la belleza, y juega con la esperanza de la gente\u00bb, expresa la periodista.<\/p>\n\n\n\n<p>Respecto al origen de los bulos, seg\u00fan R\u00edos, una parte significativa de la desinformaci\u00f3n pol\u00edtica es rastreable y tiene fuentes identificables, \u00absabemos de d\u00f3nde procede y ha crecido debido al funcionamiento de los algoritmos de las redes sociales, que favorecen la difusi\u00f3n de las opiniones m\u00e1s radicales o m\u00e1s emocionales\u00bb.<\/p>\n\n\n\n<p>\u00abNo son siempre mensajes an\u00f3nimos, tambi\u00e9n tienen firma\u201d, indica esta experta, y destaca la importancia de que los periodistas se doten de herramientas para identificar la procedencia de los bulos. R\u00edos se\u00f1ala que la desinformaci\u00f3n \u201chace mucho da\u00f1o a la sociedad\u201d, y en la profesi\u00f3n period\u00edstica \u00abya ocupa una parte de nuestro terreno de trabajo, que es la informaci\u00f3n, y afecta a una realidad cada vez m\u00e1s grande de la que nosotros, como periodistas, debemos informarnos e informar\u00bb.<\/p>\n\n\n\n<blockquote class=\"wp-block-quote is-layout-flow wp-block-quote-is-layout-flow\">\n<p class=\"has-white-background-color has-background has-medium-font-size\">\u00ab<strong>Aumenta la desinformaci\u00f3n pol\u00edtica debido a los algoritmos de las redes que favorecen las opiniones m\u00e1s radicales<\/strong>\u00ab<\/p>\n<\/blockquote>\n\n\n\n<p><\/p>\n\n\n\n<p>Para R\u00edos, las noticias falsas son m\u00e1s efectivas que los desmentidos, y se propagan debido a su contenido, eminentemente, emocional. A\u00f1ade que en algunos casos estas noticias falsas son el resultado de operaciones coordinadas por partidos pol\u00edticos o grupos ideol\u00f3gicos que utilizan granjas de cuentas falsas con el \u00fanico prop\u00f3sito de difundir estos bulos. \u201cEst\u00e1n empleando esfuerzo, dinero y tecnolog\u00eda al servicio de la mentira, y por ello cuando llegan los desmentidos no tienen esa capacidad de viralizaci\u00f3n\u201d, explica. &nbsp;<\/p>\n\n\n\n<p>Considera que nos falta formaci\u00f3n, m\u00e1s que criterio propio, para identificar noticias falsas. Y resalta la necesidad de abordar y de actualizar las herramientas del periodismo para que el reconocimiento de <em>fake news<\/em> no le corresponda solamente a organismos de verificaci\u00f3n de informaci\u00f3n, sino que cualquier profesional de los medios est\u00e9 preparado para hacerlo. Para ello, la formaci\u00f3n debe adaptarse al tipo de periodismo que se practique: pol\u00edtica, deporte, sociedad&#8230; Seg\u00fan R\u00edos, dependiendo del p\u00fablico para el que se escribe, j\u00f3venes o audiencias m\u00e1s mayores, se van a generar unas necesidades de monitorizaci\u00f3n, escucha o verificaci\u00f3n.<\/p>\n\n\n\n<p>Finaliza con la idea de establecer en las redacciones de los medios de comunicaci\u00f3n programas de formaci\u00f3n permanente, de manera que los periodistas actualicen y mejores sus competencias en materia de desinformaci\u00f3n. \u00abEsto ser\u00eda lo ideal, pero entiendo que cuesta m\u00e1s\u00bb, opina R\u00edos.<\/p>\n\n\n\n<p><\/p>\n","protected":false},"excerpt":{"rendered":"<p>Natalia R\u00cdOS Carmela R\u00edos es una destacada periodista espa\u00f1ola reconocida por su trabajo como reportera de televisi\u00f3n y su activismo en derechos humanos y g\u00e9nero. <a class=\"continue-reading-link\" href=\"https:\/\/lacronicadesevilla.es\/index.php\/2024\/06\/17\/carmela-rios-el-bulo-es-mas-fuerte-y-se-viraliza-mas-rapido-que-el-desmentido\/\"><\/a><\/p>\n","protected":false},"author":51,"featured_media":0,"comment_status":"closed","ping_status":"closed","sticky":false,"template":"","format":"standard","meta":{"footnotes":""},"categories":[14],"tags":[1248,1247,1241,1246,1245,256,140,1244],"class_list":["post-8645","post","type-post","status-publish","format-standard","hentry","category-comunicacion","tag-antena-3","tag-carmela-rios","tag-desinformacion","tag-era-digital","tag-fake-news","tag-periodismo","tag-tecnologia","tag-verificacion"],"_links":{"self":[{"href":"https:\/\/lacronicadesevilla.es\/index.php\/wp-json\/wp\/v2\/posts\/8645","targetHints":{"allow":["GET"]}}],"collection":[{"href":"https:\/\/lacronicadesevilla.es\/index.php\/wp-json\/wp\/v2\/posts"}],"about":[{"href":"https:\/\/lacronicadesevilla.es\/index.php\/wp-json\/wp\/v2\/types\/post"}],"author":[{"embeddable":true,"href":"https:\/\/lacronicadesevilla.es\/index.php\/wp-json\/wp\/v2\/users\/51"}],"replies":[{"embeddable":true,"href":"https:\/\/lacronicadesevilla.es\/index.php\/wp-json\/wp\/v2\/comments?post=8645"}],"version-history":[{"count":36,"href":"https:\/\/lacronicadesevilla.es\/index.php\/wp-json\/wp\/v2\/posts\/8645\/revisions"}],"predecessor-version":[{"id":8790,"href":"https:\/\/lacronicadesevilla.es\/index.php\/wp-json\/wp\/v2\/posts\/8645\/revisions\/8790"}],"wp:attachment":[{"href":"https:\/\/lacronicadesevilla.es\/index.php\/wp-json\/wp\/v2\/media?parent=8645"}],"wp:term":[{"taxonomy":"category","embeddable":true,"href":"https:\/\/lacronicadesevilla.es\/index.php\/wp-json\/wp\/v2\/categories?post=8645"},{"taxonomy":"post_tag","embeddable":true,"href":"https:\/\/lacronicadesevilla.es\/index.php\/wp-json\/wp\/v2\/tags?post=8645"}],"curies":[{"name":"wp","href":"https:\/\/api.w.org\/{rel}","templated":true}]}}