{"id":8780,"date":"2024-06-17T10:58:28","date_gmt":"2024-06-17T09:58:28","guid":{"rendered":"https:\/\/lacronicadesevilla.es\/?p=8780"},"modified":"2024-11-08T11:51:41","modified_gmt":"2024-11-08T10:51:41","slug":"nueva-seccion-acento-del-festival-de-huelva-para-potenciar-la-presencia-de-cine-espanol","status":"publish","type":"post","link":"https:\/\/lacronicadesevilla.es\/index.php\/2024\/06\/17\/nueva-seccion-acento-del-festival-de-huelva-para-potenciar-la-presencia-de-cine-espanol\/","title":{"rendered":"Nueva secci\u00f3n &#8216;Acento&#8217; del Festival de Huelva para potenciar la presencia de cine espa\u00f1ol"},"content":{"rendered":"\n<ul class=\"wp-block-list\">\n<li><strong>La pel\u00edcula ganadora ser\u00e1 elegida por un jurado popular y el p\u00fablico asistente a las salas<\/strong><\/li>\n<\/ul>\n\n\n\n<p>La CR\u00d3NICA<\/p>\n\n\n\n<p>El <strong>Festival de Cine Iberoamericano de Huelva<\/strong>, que se celebrar\u00e1 entre los d\u00edas 15 y 23 de noviembre, potenciar\u00e1 en su 50 edici\u00f3n la presencia del cine espa\u00f1ol con la creaci\u00f3n de una <strong>nueva secci\u00f3n<\/strong> competitiva de largometrajes, denominada <strong>Acento<\/strong>. <\/p>\n\n\n\n<!--more-->\n\n\n\n<p>Con dicha secci\u00f3n la muestra onubense pretender ser tambi\u00e9n un escaparate para el mejor cine nacional del \u00faltimo a\u00f1o.&nbsp;Tal y como ha explicado el director del Festival, Manuel H. Mart\u00edn, \u201cen una edici\u00f3n tan especial como la 50 queremos que el cine espa\u00f1ol tenga m\u00e1s protagonismo\u201d. <\/p>\n\n\n\n<p>\u201cEl proyecto de festival que activamos hace 9 a\u00f1os ten\u00eda como objetivo la promoci\u00f3n regional, nacional e internacional del festival y del cine programado; esta secci\u00f3n de largometrajes viene a completar el proyecto, contando con secciones competitivas de cortos y largos internacionales iberoamericanos, nacionales y andaluces\u201d, a\u00f1ade Mart\u00edn. En este sentido, el director del certamen ha explicado que la vocaci\u00f3n de esta nueva secci\u00f3n \u201ces, sobre todo, poner en el foco el cine espa\u00f1ol m\u00e1s relevante del a\u00f1o y acercarlo al p\u00fablico y a la ciudadan\u00eda de Huelva\u201d.<\/p>\n\n\n<div class=\"wp-block-image\">\n<figure class=\"aligncenter size-full is-resized\"><img loading=\"lazy\" decoding=\"async\" width=\"400\" height=\"572\" src=\"https:\/\/lacronicadesevilla.es\/wp-content\/uploads\/2024\/06\/festival-cine-huelva-24.jpg\" alt=\"\" class=\"wp-image-8782\" style=\"width:370px;height:auto\" srcset=\"https:\/\/lacronicadesevilla.es\/wp-content\/uploads\/2024\/06\/festival-cine-huelva-24.jpg 400w, https:\/\/lacronicadesevilla.es\/wp-content\/uploads\/2024\/06\/festival-cine-huelva-24-210x300.jpg 210w, https:\/\/lacronicadesevilla.es\/wp-content\/uploads\/2024\/06\/festival-cine-huelva-24-245x350.jpg 245w, https:\/\/lacronicadesevilla.es\/wp-content\/uploads\/2024\/06\/festival-cine-huelva-24-105x150.jpg 105w\" sizes=\"auto, (max-width: 400px) 100vw, 400px\" \/><figcaption class=\"wp-element-caption\">Cartel del 50 Festival de Cine de Huelva<\/figcaption><\/figure>\n<\/div>\n\n\n<p>Para participar en la Secci\u00f3n Acento se valorar\u00e1n t\u00edtulos destacados con direcci\u00f3n o producci\u00f3n mayoritaria espa\u00f1ola y podr\u00e1n participar <strong>largometrajes de ficci\u00f3n, animaci\u00f3n y\/o de car\u00e1cter documental<\/strong>, con producci\u00f3n completada a partir de septiembre de 2023 y con una duraci\u00f3n m\u00ednima de 60 minutos.<\/p>\n\n\n\n<p>Las inscripciones, cuyo plazo se cierra el pr\u00f3ximo 31 de julio, deben realizarse a trav\u00e9s de la web del Festival, en la que tambi\u00e9n se encuentra el reglamento completo de esta secci\u00f3n. Las pel\u00edculas seleccionadas optar\u00e1n al Premio Acento a la Mejor Direcci\u00f3n Espa\u00f1ola, que estar\u00e1 <strong>dotado con 5.000 euros<\/strong>, y que ser\u00e1 elegido por el jurado popular y\/o p\u00fablico asistente a las salas.<\/p>\n","protected":false},"excerpt":{"rendered":"<p>La CR\u00d3NICA El Festival de Cine Iberoamericano de Huelva, que se celebrar\u00e1 entre los d\u00edas 15 y 23 de noviembre, potenciar\u00e1 en su 50 edici\u00f3n la presencia del cine espa\u00f1ol con la creaci\u00f3n de una nueva secci\u00f3n competitiva de largometrajes, denominada Acento. <a class=\"continue-reading-link\" href=\"https:\/\/lacronicadesevilla.es\/index.php\/2024\/06\/17\/nueva-seccion-acento-del-festival-de-huelva-para-potenciar-la-presencia-de-cine-espanol\/\"><\/a><\/p>\n","protected":false},"author":50,"featured_media":0,"comment_status":"closed","ping_status":"closed","sticky":false,"template":"","format":"standard","meta":{"footnotes":""},"categories":[12],"tags":[],"class_list":["post-8780","post","type-post","status-publish","format-standard","hentry","category-cultura"],"_links":{"self":[{"href":"https:\/\/lacronicadesevilla.es\/index.php\/wp-json\/wp\/v2\/posts\/8780","targetHints":{"allow":["GET"]}}],"collection":[{"href":"https:\/\/lacronicadesevilla.es\/index.php\/wp-json\/wp\/v2\/posts"}],"about":[{"href":"https:\/\/lacronicadesevilla.es\/index.php\/wp-json\/wp\/v2\/types\/post"}],"author":[{"embeddable":true,"href":"https:\/\/lacronicadesevilla.es\/index.php\/wp-json\/wp\/v2\/users\/50"}],"replies":[{"embeddable":true,"href":"https:\/\/lacronicadesevilla.es\/index.php\/wp-json\/wp\/v2\/comments?post=8780"}],"version-history":[{"count":8,"href":"https:\/\/lacronicadesevilla.es\/index.php\/wp-json\/wp\/v2\/posts\/8780\/revisions"}],"predecessor-version":[{"id":8789,"href":"https:\/\/lacronicadesevilla.es\/index.php\/wp-json\/wp\/v2\/posts\/8780\/revisions\/8789"}],"wp:attachment":[{"href":"https:\/\/lacronicadesevilla.es\/index.php\/wp-json\/wp\/v2\/media?parent=8780"}],"wp:term":[{"taxonomy":"category","embeddable":true,"href":"https:\/\/lacronicadesevilla.es\/index.php\/wp-json\/wp\/v2\/categories?post=8780"},{"taxonomy":"post_tag","embeddable":true,"href":"https:\/\/lacronicadesevilla.es\/index.php\/wp-json\/wp\/v2\/tags?post=8780"}],"curies":[{"name":"wp","href":"https:\/\/api.w.org\/{rel}","templated":true}]}}