{"id":8795,"date":"2024-07-02T09:46:08","date_gmt":"2024-07-02T08:46:08","guid":{"rendered":"https:\/\/lacronicadesevilla.es\/?p=8795"},"modified":"2024-07-02T11:10:03","modified_gmt":"2024-07-02T10:10:03","slug":"las-claves-de-la-desinformacion-y-una-ruta-por-lisboa-en-la-portada-de-la-cronica-de-sevilla","status":"publish","type":"post","link":"https:\/\/lacronicadesevilla.es\/index.php\/2024\/07\/02\/las-claves-de-la-desinformacion-y-una-ruta-por-lisboa-en-la-portada-de-la-cronica-de-sevilla\/","title":{"rendered":"Las claves de la desinformaci\u00f3n y una ruta por Lisboa en la portada de La Cr\u00f3nica de Sevilla"},"content":{"rendered":"\n<p>Inma MARTIN \/ Directora de&nbsp;<a href=\"https:\/\/issuu.com\/cronicadesevilla\" target=\"_blank\" rel=\"noreferrer noopener\">La Cr\u00f3nica de Sevilla<\/a><\/p>\n\n\n\n<p>Dedicamos la portada de este nuevo n\u00famero de <a href=\"https:\/\/issuu.com\/cronicadesevilla\/docs\/cronica-sevilla-27\" data-type=\"link\" data-id=\"https:\/\/issuu.com\/cronicadesevilla\/docs\/cronica-sevilla-27\" target=\"_blank\" rel=\"noreferrer noopener\">La Cr\u00f3nica de Sevilla<\/a> a la problem\u00e1tica que suponen las <em>fake news<\/em> en la sociedad.<\/p>\n\n\n\n<!--more-->\n\n\n\n<p>Precisamente, para conocer las claves de la desinformaci\u00f3n, hemos entrevistado a <a href=\"https:\/\/issuu.com\/cronicadesevilla\/docs\/cronica-sevilla-27\/10\" data-type=\"link\" data-id=\"https:\/\/issuu.com\/cronicadesevilla\/docs\/cronica-sevilla-27\/10\" target=\"_blank\" rel=\"noreferrer noopener\">Carmela R\u00edos<\/a>, periodista y experta en la materia, quien afirma que los bulos \u00abson m\u00e1s fuertes y se viralizan m\u00e1s r\u00e1pido que el desmentido\u00bb. \u00a0Declara con rotundidad que calumniar a una persona en redes es un delito y que para evitar estos ataques las leyes deben actualizarse continuamente.<\/p>\n\n\n<div class=\"wp-block-image\">\n<figure class=\"aligncenter size-full is-resized\"><a href=\"https:\/\/issuu.com\/cronicadesevilla\/docs\/cronica-sevilla-27\"><img loading=\"lazy\" decoding=\"async\" width=\"450\" height=\"611\" src=\"https:\/\/lacronicadesevilla.es\/wp-content\/uploads\/2024\/07\/portada-1.jpg\" alt=\"\" class=\"wp-image-8803\" style=\"width:402px;height:auto\" srcset=\"https:\/\/lacronicadesevilla.es\/wp-content\/uploads\/2024\/07\/portada-1.jpg 450w, https:\/\/lacronicadesevilla.es\/wp-content\/uploads\/2024\/07\/portada-1-221x300.jpg 221w, https:\/\/lacronicadesevilla.es\/wp-content\/uploads\/2024\/07\/portada-1-258x350.jpg 258w, https:\/\/lacronicadesevilla.es\/wp-content\/uploads\/2024\/07\/portada-1-110x150.jpg 110w\" sizes=\"auto, (max-width: 450px) 100vw, 450px\" \/><\/a><figcaption class=\"wp-element-caption\">Portada del n\u00famero 27 de La Cr\u00f3nica de Sevilla<\/figcaption><\/figure>\n<\/div>\n\n\n<p>En el \u00e1mbito local dedicamos sendos reportajes a la <a href=\"https:\/\/issuu.com\/cronicadesevilla\/docs\/cronica-sevilla-27\/6\" data-type=\"link\" data-id=\"https:\/\/issuu.com\/cronicadesevilla\/docs\/cronica-sevilla-27\/6\" target=\"_blank\" rel=\"noreferrer noopener\">procesi\u00f3n magna<\/a> que se celebrar\u00e1 el 8 diciembre y a los nuevos servicios que presta la Asociaci\u00f3n Contra el C\u00e1ncer (AECC) en Sevilla. Respecto a la magna, ser\u00e1 una procesi\u00f3n hist\u00f3rica con ocho im\u00e1genes de gran importancia: la\u00a0<strong>Virgen de los Reyes<\/strong>, patrona de Sevilla; la\u00a0<strong>Esperanza de Triana<\/strong>; la\u00a0<strong>Esperanza Macarena<\/strong>; el\u00a0<strong>Se\u00f1or del Gran Poder<\/strong>; el\u00a0<strong>Cristo del Cachorro<\/strong>; la\u00a0<strong>Virgen de Setefilla<\/strong>\u00a0de la localidad de\u00a0Lora del R\u00edo; la\u00a0<strong>Virgen de Consolaci\u00f3n<\/strong>\u00a0de Utrera; y la\u00a0<strong>Virgen de Valme<\/strong>\u00a0de Dos Hermanas.\u00a0<\/p>\n\n\n\n<p>Por su parte, otra buena noticia es que la <a href=\"https:\/\/issuu.com\/cronicadesevilla\/docs\/cronica-sevilla-27\/12\" data-type=\"link\" data-id=\"https:\/\/issuu.com\/cronicadesevilla\/docs\/cronica-sevilla-27\/12\" target=\"_blank\" rel=\"noreferrer noopener\">AECC en Sevilla<\/a><a href=\"https:\/\/issuu.com\/cronicadesevilla\/docs\/cronica-sevilla-27\/12\" data-type=\"link\" data-id=\"https:\/\/issuu.com\/cronicadesevilla\/docs\/cronica-sevilla-27\/12\">\u00a0<\/a>aumentar\u00e1 su cartera de servicios gratuitos destinados a pacientes oncol\u00f3gicos, apostando, entre otros factores, por la nutrici\u00f3n, el ejercicio f\u00edsico y la fisioterapia. \u00a0<\/p>\n\n\n\n<p>Tambi\u00e9n en el \u00e1rea de la salud, hemos entrevistado al <a href=\"https:\/\/issuu.com\/cronicadesevilla\/docs\/cronica-sevilla-27\/4\" data-type=\"link\" data-id=\"https:\/\/issuu.com\/cronicadesevilla\/docs\/cronica-sevilla-27\/4\" target=\"_blank\" rel=\"noreferrer noopener\">doctor Miguel Rufo<\/a>, quien nos informa sobre distintos aspectos m\u00e9dicos, como la nutrici\u00f3n y el protocolo de actuaci\u00f3n ante una emergencia sanitaria. Igualmente, advierte sobre algunos remedios caseros que, seg\u00fan su experiencia, \u00abno sirven para nada\u00bb.<\/p>\n\n\n\n<p>En la secci\u00f3n Econom\u00eda, un reportaje aborda la <a href=\"https:\/\/issuu.com\/cronicadesevilla\/docs\/cronica-sevilla-27\/8\" data-type=\"link\" data-id=\"https:\/\/issuu.com\/cronicadesevilla\/docs\/cronica-sevilla-27\/8\" target=\"_blank\" rel=\"noreferrer noopener\">situaci\u00f3n del sector agr\u00edcola en Espa\u00f1a<\/a>, afectado por la sequ\u00eda, las importaciones de frutas y verduras, y la extensa burocracia. Mientras que en Deportes, hemos entrevistado a <a href=\"https:\/\/issuu.com\/cronicadesevilla\/docs\/cronica-sevilla-27\/14\" data-type=\"link\" data-id=\"https:\/\/issuu.com\/cronicadesevilla\/docs\/cronica-sevilla-27\/14\" target=\"_blank\" rel=\"noreferrer noopener\">Javier Cienfuegos<\/a>, alcalde de la localidad pacense de Montijo y plusmarquista nacional de lanzamiento de martillo, que se prepara para participar en la Olimpiadas de Par\u00eds 2024. Adem\u00e1s, anunciamos que la <a href=\"https:\/\/issuu.com\/cronicadesevilla\/docs\/cronica-sevilla-27\/2\" data-type=\"link\" data-id=\"https:\/\/issuu.com\/cronicadesevilla\/docs\/cronica-sevilla-27\/3\" target=\"_blank\" rel=\"noreferrer noopener\">Vuelta Ciclista a Espa\u00f1a<\/a> regresa a Sevilla este verano. El Paseo Col\u00f3n, junto a la Torre del Oro y el Guadalquivir, ser\u00e1 la meta de la quinta etapa de este evento deportivo.<\/p>\n\n\n\n<p>Finalizamos con una propuesta tur\u00edstica: un paseo por <a href=\"https:\/\/issuu.com\/cronicadesevilla\/docs\/cronica-sevilla-27\/3\" data-type=\"link\" data-id=\"https:\/\/issuu.com\/cronicadesevilla\/docs\/cronica-sevilla-27\/3\" target=\"_blank\" rel=\"noreferrer noopener\">Lisboa<\/a>, desde el Castillo de San Jorge hasta la desembocadura del r\u00edo Tajo, visitando, tambi\u00e9n, el Monasterio de los Jer\u00f3nimos y la torre de Bel\u00e9m, un s\u00edmbolo del poder\u00edo mar\u00edtimo portugu\u00e9s y un enclave perfecto para contemplar la puesta de sol. \u00a0<\/p>\n\n\n\n<p><\/p>\n","protected":false},"excerpt":{"rendered":"<p>Inma MARTIN \/ Directora de&nbsp;La Cr\u00f3nica de Sevilla Dedicamos la portada de este nuevo n\u00famero de La Cr\u00f3nica de Sevilla a la problem\u00e1tica que suponen las fake news en la sociedad. <a class=\"continue-reading-link\" href=\"https:\/\/lacronicadesevilla.es\/index.php\/2024\/07\/02\/las-claves-de-la-desinformacion-y-una-ruta-por-lisboa-en-la-portada-de-la-cronica-de-sevilla\/\"><\/a><\/p>\n","protected":false},"author":50,"featured_media":0,"comment_status":"closed","ping_status":"closed","sticky":false,"template":"","format":"standard","meta":{"footnotes":""},"categories":[14],"tags":[86,257,1251,494,256,495,18,1250],"class_list":["post-8795","post","type-post","status-publish","format-standard","hentry","category-comunicacion","tag-ceade","tag-centro-universitario-san-isidoro","tag-grado","tag-la-cronica-de-sevilla","tag-periodismo","tag-revista","tag-sevilla","tag-universidad"],"_links":{"self":[{"href":"https:\/\/lacronicadesevilla.es\/index.php\/wp-json\/wp\/v2\/posts\/8795","targetHints":{"allow":["GET"]}}],"collection":[{"href":"https:\/\/lacronicadesevilla.es\/index.php\/wp-json\/wp\/v2\/posts"}],"about":[{"href":"https:\/\/lacronicadesevilla.es\/index.php\/wp-json\/wp\/v2\/types\/post"}],"author":[{"embeddable":true,"href":"https:\/\/lacronicadesevilla.es\/index.php\/wp-json\/wp\/v2\/users\/50"}],"replies":[{"embeddable":true,"href":"https:\/\/lacronicadesevilla.es\/index.php\/wp-json\/wp\/v2\/comments?post=8795"}],"version-history":[{"count":17,"href":"https:\/\/lacronicadesevilla.es\/index.php\/wp-json\/wp\/v2\/posts\/8795\/revisions"}],"predecessor-version":[{"id":8839,"href":"https:\/\/lacronicadesevilla.es\/index.php\/wp-json\/wp\/v2\/posts\/8795\/revisions\/8839"}],"wp:attachment":[{"href":"https:\/\/lacronicadesevilla.es\/index.php\/wp-json\/wp\/v2\/media?parent=8795"}],"wp:term":[{"taxonomy":"category","embeddable":true,"href":"https:\/\/lacronicadesevilla.es\/index.php\/wp-json\/wp\/v2\/categories?post=8795"},{"taxonomy":"post_tag","embeddable":true,"href":"https:\/\/lacronicadesevilla.es\/index.php\/wp-json\/wp\/v2\/tags?post=8795"}],"curies":[{"name":"wp","href":"https:\/\/api.w.org\/{rel}","templated":true}]}}