{"id":8978,"date":"2024-09-26T11:05:39","date_gmt":"2024-09-26T10:05:39","guid":{"rendered":"https:\/\/lacronicadesevilla.es\/?p=8978"},"modified":"2024-09-26T12:25:03","modified_gmt":"2024-09-26T11:25:03","slug":"diputacion-premia-a-los-currantes-anonimos-del-sector-turistico-en-la-provincia-de-sevilla","status":"publish","type":"post","link":"https:\/\/lacronicadesevilla.es\/index.php\/2024\/09\/26\/diputacion-premia-a-los-currantes-anonimos-del-sector-turistico-en-la-provincia-de-sevilla\/","title":{"rendered":"Diputaci\u00f3n  premia a los &#8216;currantes&#8217; an\u00f3nimos del sector tur\u00edstico en la provincia de Sevilla"},"content":{"rendered":"<div class=\"wp-block-image\">\n<figure class=\"aligncenter size-full is-resized\"><img loading=\"lazy\" decoding=\"async\" width=\"800\" height=\"500\" src=\"https:\/\/lacronicadesevilla.es\/wp-content\/uploads\/2024\/09\/gala-turismo-sevilla-1.png\" alt=\"\" class=\"wp-image-8984\" style=\"width:756px;height:auto\" srcset=\"https:\/\/lacronicadesevilla.es\/wp-content\/uploads\/2024\/09\/gala-turismo-sevilla-1.png 800w, https:\/\/lacronicadesevilla.es\/wp-content\/uploads\/2024\/09\/gala-turismo-sevilla-1-300x188.png 300w, https:\/\/lacronicadesevilla.es\/wp-content\/uploads\/2024\/09\/gala-turismo-sevilla-1-768x480.png 768w, https:\/\/lacronicadesevilla.es\/wp-content\/uploads\/2024\/09\/gala-turismo-sevilla-1-560x350.png 560w, https:\/\/lacronicadesevilla.es\/wp-content\/uploads\/2024\/09\/gala-turismo-sevilla-1-150x94.png 150w\" sizes=\"auto, (max-width: 800px) 100vw, 800px\" \/><figcaption class=\"wp-element-caption\">Foto de familia de los galardonados<\/figcaption><\/figure>\n<\/div>\n\n\n<p>Inma MART\u00cdN<\/p>\n\n\n\n<ul class=\"wp-block-list\">\n<li><strong>Estos galardones a la &#8216;excelencia de las personas&#8217; fueron entregados durante una gala celebrada en el Teatro Romano de It\u00e1lica<\/strong><\/li>\n<\/ul>\n\n\n\n<!--more-->\n\n\n\n<p>La <strong>Diputaci\u00f3n de Sevilla<\/strong>, a trav\u00e9s <strong>Prodetur<\/strong> y en colaboraci\u00f3n con las organizaciones sindicales UGT y CCOO y la Confederaci\u00f3n de Empresarios de Sevilla (CES), ha entregado los <strong>I Premios de Turismo de la Provincia de Sevilla a la Excelencia de las Personas<\/strong>, reconociendo as\u00ed a los trabajadores an\u00f3nimos que dan \u201cun valor a\u00f1adido\u201d al turismo de la provincia.<\/p>\n\n\n\n<p>La entrega de estos galardones tuvo lugar durante la Gala conmemorativa del <strong>D\u00eda Mundial del Turismo<\/strong>, celebrada en el Teatro Romano de It\u00e1lica, en el municipio sevillano de Santiponce. La noche de celebraci\u00f3n comenz\u00f3 con la representaci\u00f3n de \u2018Comedia sin t\u00edtulo\u2019, de Lorca, en la versi\u00f3n de la core\u00f3grafa y bailaora \u00darsula L\u00f3pez. La m\u00fasica tambi\u00e9n estuvo presente gracias a la actuaci\u00f3n en directo del <strong>artista utrerano Juanlu Montoya<\/strong>, quien, adem\u00e1s, interpreta la canci\u00f3n del nuevo v\u00eddeo promocional de la provincia. Tal y como reza uno de los fragmentos de este tema sumamente pegadizo: \u00abTan elegante y a la vez tan sencilla, hay un lugar en el mundo que se llama Sevilla\u201d.<\/p>\n\n\n\n<p>En relaci\u00f3n al I Premio de Turismo a la Excelencia de las Personas, la periodista Mabel Mata, presentadora de la gala, indic\u00f3 que pone el foco en las personas: camareros, conserjes, conductores, personal de seguridad, etc., en definitiva, los \u2018currantes\u2019 que hacen posible el correcto funcionamiento de este sector empresarial.<\/p>\n\n\n\n<p>Entre las m\u00e1s de 30 candidaturas presentadas, siete han sido los galardonados. Estos son sus nombres: Magdalena Rodr\u00edguez Mart\u00edn, vigilante en el Dolmen de la Pastora de Valencina de la Concepci\u00f3n; Francisco Jos\u00e9 Lorenzo Duran, conserje del Hotel Alfonso XIII; Antonio Casado Barrera, camarero del Hotel Col\u00f3n desde que ten\u00eda 27 a\u00f1os; Manoli Ortiz Navarro, encargada de restauraci\u00f3n del Parque Isla M\u00e1gica; Mercedes \u00c1lvarez Troncoso, camarera de piso en el Hotel Las Casas de la Juder\u00eda desde hace 30 a\u00f1os; Jes\u00fas Moreno Ferral y Ana Vargas Marrufo, CEOs de la empresa MA 22 Puntos; y por \u00faltimo, Manuel Dom\u00ednguez Sol\u00eds, director del Hotel Do\u00f1a Mar\u00eda desde el a\u00f1o 2003.<\/p>\n\n\n\n<p>Precisamente, Manuel Dom\u00ednguez fue el encargado de hablar en representaci\u00f3n de todos los homenajeados. En su discurso, coment\u00f3 que sin los profesionales, el turismo es un ente vac\u00edo, y destac\u00f3 la importancia de que el turista, el cliente, \u201cse sienta querido y arropado\u201d, pues de esta manera \u201cse lleva puesta la experiencia y esto es impagable\u201d.<\/p>\n\n\n<div class=\"wp-block-image\">\n<figure class=\"aligncenter size-full\"><img loading=\"lazy\" decoding=\"async\" width=\"800\" height=\"396\" src=\"https:\/\/lacronicadesevilla.es\/wp-content\/uploads\/2024\/09\/gala-turismo-sevilla-3.png\" alt=\"\" class=\"wp-image-8985\" srcset=\"https:\/\/lacronicadesevilla.es\/wp-content\/uploads\/2024\/09\/gala-turismo-sevilla-3.png 800w, https:\/\/lacronicadesevilla.es\/wp-content\/uploads\/2024\/09\/gala-turismo-sevilla-3-300x149.png 300w, https:\/\/lacronicadesevilla.es\/wp-content\/uploads\/2024\/09\/gala-turismo-sevilla-3-768x380.png 768w, https:\/\/lacronicadesevilla.es\/wp-content\/uploads\/2024\/09\/gala-turismo-sevilla-3-707x350.png 707w, https:\/\/lacronicadesevilla.es\/wp-content\/uploads\/2024\/09\/gala-turismo-sevilla-3-150x74.png 150w\" sizes=\"auto, (max-width: 800px) 100vw, 800px\" \/><figcaption class=\"wp-element-caption\">Un momento de la actuaci\u00f3n del artista utrerano Juanlu Montoya<\/figcaption><\/figure>\n<\/div>\n\n\n<p>Tambi\u00e9n intervino en este evento el <strong>vicepresidente de Prodetur, Rodrigo Rodr\u00edguez Hans<\/strong>, quien comenz\u00f3 agradeciendo a su equipo el trabajo realizado en esta gala. Rodr\u00edguez habl\u00f3 de un turismo en positivo, que act\u00faa como palanca de crecimiento de la provincia, y present\u00f3 estos premios como un homenaje a las personas que dedican su vida a este sector econ\u00f3mico, pues \u201ctenemos la obligaci\u00f3n moral de devolverles lo que han hecho por nosotros todos estos a\u00f1os\u201d.<\/p>\n\n\n\n<p><strong>\u00abLos profesionales son el alma del turismo\u00bb<\/strong><br>Cerr\u00f3 el acto el <strong>presidente de la Diputaci\u00f3n de Sevilla, Javier Fern\u00e1ndez<\/strong>, quien se mostr\u00f3 satisfecho con el resultado de esta gala y con estos galardones concedidos a personas que constituyen \u201cel alma del turismo\u201d. Para Fern\u00e1ndez, \u201cSevilla tiene una capacidad monumental e hist\u00f3rica maravillosa, pero los edificios no suelen dar los buenos d\u00edas ni suelen dar la sonrisa\u201d. De manera que \u201cla ciudad es el motor, pero los profesionales son el alma indispensable para el \u00e9xito de la industria tur\u00edstica\u201d.<\/p>\n\n\n\n<p>Por eso, a trav\u00e9s de Prodetur, \u201clo que queremos es reconocer la importancia que tiene el sector empresarial, el fomento del empleo y todo lo que significa desde la \u00f3rbita del turismo\u201d. Fern\u00e1ndez record\u00f3 que el turismo supone el 19 % del Producto Interior Bruto (PIB) de la provincia, \u201cpero sin esos currantes, sin esa gente de a pie, sin esa gente que est\u00e1 en los hoteles atendiendo a la gente, esos camareros y camareras, que mantiene perfectamente el servicio hotelero, dif\u00edcilmente podr\u00edamos ser un lugar preferente para los visitantes\u201d.<\/p>\n\n\n\n<p>Respecto al lema de este a\u00f1o, <strong>\u2018Turismo y Paz\u2019<\/strong>, Fern\u00e1ndez destac\u00f3 la importancia de este sector a la hora de hacer un frente com\u00fan y servir de interconexi\u00f3n entre culturas.<\/p>\n","protected":false},"excerpt":{"rendered":"<p>Inma MART\u00cdN <a class=\"continue-reading-link\" href=\"https:\/\/lacronicadesevilla.es\/index.php\/2024\/09\/26\/diputacion-premia-a-los-currantes-anonimos-del-sector-turistico-en-la-provincia-de-sevilla\/\"><\/a><\/p>\n","protected":false},"author":50,"featured_media":0,"comment_status":"closed","ping_status":"open","sticky":false,"template":"","format":"standard","meta":{"footnotes":""},"categories":[10],"tags":[1268,57,1161,1269,18,35,45],"class_list":["post-8978","post","type-post","status-publish","format-standard","hentry","category-economia","tag-diputacion","tag-gastronomia","tag-premios","tag-prodetur","tag-sevilla","tag-turismo","tag-viajar"],"_links":{"self":[{"href":"https:\/\/lacronicadesevilla.es\/index.php\/wp-json\/wp\/v2\/posts\/8978","targetHints":{"allow":["GET"]}}],"collection":[{"href":"https:\/\/lacronicadesevilla.es\/index.php\/wp-json\/wp\/v2\/posts"}],"about":[{"href":"https:\/\/lacronicadesevilla.es\/index.php\/wp-json\/wp\/v2\/types\/post"}],"author":[{"embeddable":true,"href":"https:\/\/lacronicadesevilla.es\/index.php\/wp-json\/wp\/v2\/users\/50"}],"replies":[{"embeddable":true,"href":"https:\/\/lacronicadesevilla.es\/index.php\/wp-json\/wp\/v2\/comments?post=8978"}],"version-history":[{"count":22,"href":"https:\/\/lacronicadesevilla.es\/index.php\/wp-json\/wp\/v2\/posts\/8978\/revisions"}],"predecessor-version":[{"id":9007,"href":"https:\/\/lacronicadesevilla.es\/index.php\/wp-json\/wp\/v2\/posts\/8978\/revisions\/9007"}],"wp:attachment":[{"href":"https:\/\/lacronicadesevilla.es\/index.php\/wp-json\/wp\/v2\/media?parent=8978"}],"wp:term":[{"taxonomy":"category","embeddable":true,"href":"https:\/\/lacronicadesevilla.es\/index.php\/wp-json\/wp\/v2\/categories?post=8978"},{"taxonomy":"post_tag","embeddable":true,"href":"https:\/\/lacronicadesevilla.es\/index.php\/wp-json\/wp\/v2\/tags?post=8978"}],"curies":[{"name":"wp","href":"https:\/\/api.w.org\/{rel}","templated":true}]}}