{"id":9008,"date":"2024-10-03T13:28:40","date_gmt":"2024-10-03T12:28:40","guid":{"rendered":"https:\/\/lacronicadesevilla.es\/?p=9008"},"modified":"2024-10-03T13:40:14","modified_gmt":"2024-10-03T12:40:14","slug":"manuel-escribano-recibe-el-premio-al-detalle-para-el-recuerdo-por-su-gesta-taurina-en-la-maestranza","status":"publish","type":"post","link":"https:\/\/lacronicadesevilla.es\/index.php\/2024\/10\/03\/manuel-escribano-recibe-el-premio-al-detalle-para-el-recuerdo-por-su-gesta-taurina-en-la-maestranza\/","title":{"rendered":"Escribano recibe el premio \u2018Al Detalle para el Recuerdo\u2019 por su &#8216;gesta taurina&#8217; en la Maestranza"},"content":{"rendered":"<div class=\"wp-block-image\">\n<figure class=\"aligncenter size-full is-resized\"><img loading=\"lazy\" decoding=\"async\" width=\"700\" height=\"455\" src=\"https:\/\/lacronicadesevilla.es\/wp-content\/uploads\/2024\/10\/premio-toros-vincci-2024.png\" alt=\"\" class=\"wp-image-9011\" style=\"width:660px;height:auto\" srcset=\"https:\/\/lacronicadesevilla.es\/wp-content\/uploads\/2024\/10\/premio-toros-vincci-2024.png 700w, https:\/\/lacronicadesevilla.es\/wp-content\/uploads\/2024\/10\/premio-toros-vincci-2024-300x195.png 300w, https:\/\/lacronicadesevilla.es\/wp-content\/uploads\/2024\/10\/premio-toros-vincci-2024-538x350.png 538w, https:\/\/lacronicadesevilla.es\/wp-content\/uploads\/2024\/10\/premio-toros-vincci-2024-150x98.png 150w\" sizes=\"auto, (max-width: 700px) 100vw, 700px\" \/><\/figure>\n<\/div>\n\n\n<p><\/p>\n\n\n\n<p>La CR\u00d3NICA<\/p>\n\n\n\n<p>El <strong>torero sevillano Manuel Escribano<\/strong> ha recibido el XX <strong>Premio Taurino \u2018Al Detalle para el Recuerdo\u2019<\/strong> en un acto celebrado en el <strong>Hotel Vincci La R\u00e1bida de Sevilla<\/strong>.<\/p>\n\n\n\n<!--more-->\n\n\n\n<p>Este reconocimiento, instituido por la cadena Vincci Hoteles, premia cada a\u00f1o la actuaci\u00f3n m\u00e1s destacada de la <strong>Feria de Abril <\/strong>de Sevilla, consolid\u00e1ndose como un referente en el \u00e1mbito taurino. En esta ocasi\u00f3n, el galard\u00f3n ha sido otorgado a Escribano por unanimidad de manos de un jurado de expertos taurinos, quienes han reconocido su extraordinaria actuaci\u00f3n en la Feria de Abril de 2024, donde destac\u00f3 por su valent\u00eda y maestr\u00eda en la <strong>plaza de toros de la Real Maestranza<\/strong>. En concreto, han querido premiar su \u00abgesta heroica que, a\u00fan con una cornada, volvi\u00f3 desde la enfermer\u00eda de la Real Maestranza en el sexto toro a portagayola acompa\u00f1ado por la m\u00fasica de la banda de Tejera, siendo premiada su faena con dos orejas\u00bb.&nbsp;<\/p>\n\n\n\n<p>Tras recibir el premio, Manuel Escribano agradeci\u00f3 el reconocimiento: \u201cFue una tarde hist\u00f3rica y recordar\u00e9 este premio por lo que supuso y supondr\u00e1 en mi vida y en mi carrera\u201d. Se lo dedic\u00f3 al empresario sevillano Ram\u00f3n Ybarra, gran aficionado a esta fiesta, que falleci\u00f3 en marzo de este a\u00f1o: \u201cVa por \u00e9l\u201d. Adem\u00e1s, subray\u00f3 la importancia de apoyar al mundo del toro desde la tolerancia y sin molestar a nadie, pues \u201cesta es nuestra filosof\u00eda\u201d.<\/p>\n\n\n\n<p>Entre los asistentes se encontraban el presidente del jurado y director general de la zona sur de Vincci Hoteles, Rafael Calero, acompa\u00f1ado del Delegado Territorial de Empleo, Antonio Agust\u00edn V\u00e1zquez; el concejal delegado de Relaciones Institucionales y portavoz del Gobierno de Gerena, Juan Manuel Illacucci; Carmen Cruzado, directora general del Distrito Casco Antiguo; el gerente general de <em>Sevilla City Office<\/em>, Antonio Casta\u00f1o; la subdirectora de la banda Maestro Tejera, Mar\u00eda del Mar Trist\u00e1n Doblado; y el presidente de la Fundaci\u00f3n Cajasol, Antonio Pulido. Para este \u00faltimo, siempre resulta dif\u00edcil asignar este premio, \u201cpero este a\u00f1o el jurado lo ten\u00eda claro\u201d, en alusi\u00f3n a la gesta taurina de Escribano.<\/p>\n\n\n\n<p><strong>\u00abUn momento que perdura toda la vida\u00bb<\/strong><br>Por su parte, el director general de la zona sur de Vincci Hoteles, Rafael Calero, record\u00f3 los inicios de este premio, promovido por su padre, Rufino Calero, y explic\u00f3 a los presentes el sentido que tiene: \u201creconoce un detalle porque est\u00e1 abierto a cualquier momento, de modo que no se limita a la mejor estocada o la mejor faena de muleta, sino a cualquier detalle que perdura durante toda la vida, y de ah\u00ed su nombre\u201d.<\/p>\n\n\n\n<p>El Premio Taurino \u2018Al Detalle para el Recuerdo\u2019 naci\u00f3 con la intenci\u00f3n de apoyar y reconocer la labor de los toreros y las ganader\u00edas participantes en la Feria de Abril. A lo largo de sus veinte ediciones, ha premiado a figuras y entidades de la talla de las ganader\u00edas de Garcigrande, Victorino Mart\u00edn y Miura, y los diestros Pablo Aguado, Jos\u00e9 Antonio &#8216;Morante de la Puebla&#8217;, Juli\u00e1n L\u00f3pez &#8216;El Juli&#8217; y Enrique Ponce, entre otros.<\/p>\n","protected":false},"excerpt":{"rendered":"<p>La CR\u00d3NICA El torero sevillano Manuel Escribano ha recibido el XX Premio Taurino \u2018Al Detalle para el Recuerdo\u2019 en un acto celebrado en el Hotel Vincci La R\u00e1bida de Sevilla. <a class=\"continue-reading-link\" href=\"https:\/\/lacronicadesevilla.es\/index.php\/2024\/10\/03\/manuel-escribano-recibe-el-premio-al-detalle-para-el-recuerdo-por-su-gesta-taurina-en-la-maestranza\/\"><\/a><\/p>\n","protected":false},"author":50,"featured_media":0,"comment_status":"closed","ping_status":"open","sticky":false,"template":"","format":"standard","meta":{"footnotes":""},"categories":[12],"tags":[],"class_list":["post-9008","post","type-post","status-publish","format-standard","hentry","category-cultura"],"_links":{"self":[{"href":"https:\/\/lacronicadesevilla.es\/index.php\/wp-json\/wp\/v2\/posts\/9008","targetHints":{"allow":["GET"]}}],"collection":[{"href":"https:\/\/lacronicadesevilla.es\/index.php\/wp-json\/wp\/v2\/posts"}],"about":[{"href":"https:\/\/lacronicadesevilla.es\/index.php\/wp-json\/wp\/v2\/types\/post"}],"author":[{"embeddable":true,"href":"https:\/\/lacronicadesevilla.es\/index.php\/wp-json\/wp\/v2\/users\/50"}],"replies":[{"embeddable":true,"href":"https:\/\/lacronicadesevilla.es\/index.php\/wp-json\/wp\/v2\/comments?post=9008"}],"version-history":[{"count":11,"href":"https:\/\/lacronicadesevilla.es\/index.php\/wp-json\/wp\/v2\/posts\/9008\/revisions"}],"predecessor-version":[{"id":9023,"href":"https:\/\/lacronicadesevilla.es\/index.php\/wp-json\/wp\/v2\/posts\/9008\/revisions\/9023"}],"wp:attachment":[{"href":"https:\/\/lacronicadesevilla.es\/index.php\/wp-json\/wp\/v2\/media?parent=9008"}],"wp:term":[{"taxonomy":"category","embeddable":true,"href":"https:\/\/lacronicadesevilla.es\/index.php\/wp-json\/wp\/v2\/categories?post=9008"},{"taxonomy":"post_tag","embeddable":true,"href":"https:\/\/lacronicadesevilla.es\/index.php\/wp-json\/wp\/v2\/tags?post=9008"}],"curies":[{"name":"wp","href":"https:\/\/api.w.org\/{rel}","templated":true}]}}