{"id":9025,"date":"2024-10-08T14:47:57","date_gmt":"2024-10-08T13:47:57","guid":{"rendered":"https:\/\/lacronicadesevilla.es\/?p=9025"},"modified":"2024-10-09T08:14:38","modified_gmt":"2024-10-09T07:14:38","slug":"arte-pictorico-y-jamon-de-jabugo-se-fusionan-en-la-obra-959-palmero","status":"publish","type":"post","link":"https:\/\/lacronicadesevilla.es\/index.php\/2024\/10\/08\/arte-pictorico-y-jamon-de-jabugo-se-fusionan-en-la-obra-959-palmero\/","title":{"rendered":"El arte pict\u00f3rico y el jam\u00f3n de Jabugo se fusionan en la obra titulada &#8216;959 by Palmero&#8217;"},"content":{"rendered":"\n<p>La CR\u00d3NICA<\/p>\n\n\n\n<p>El Museo Palmero de Barcelona, ubicado en una mas\u00eda del siglo XV declarada monumento hist\u00f3rico, ha sido testigo de una interesante fusi\u00f3n: <strong>el arte pict\u00f3rico y el jam\u00f3n de Jabugo<\/strong>.<\/p>\n\n\n\n<!--more-->\n\n\n\n<p>El resultado es la presentaci\u00f3n de la <strong>obra \u2018959 by PALMERO\u2019,<\/strong> creada por <strong>Alfredo Palmero<\/strong> y fruto de la colaboraci\u00f3n de este artista con la marca \u2018959\u2019 del <strong>Consorcio de Jabugo<\/strong>, una empresa dedicada a la elaboraci\u00f3n de productos ib\u00e9ricos de alta calidad, con sede en la sierra de Huelva, y cuyo principal exponente es el manejo tradicional del ganado y su alimentaci\u00f3n natural en libertad.<\/p>\n\n\n\n<p>Se trata de un retrato que recurre a la t\u00e9cnica denominada \u2018animales humanizados\u2019, pues representa a un <strong>cerdo ib\u00e9rico<\/strong> vestido con el uniforme profesional de un cortador de jam\u00f3n, serigrafiado con <strong>bellotas y el logo de la firma 959<\/strong>. La&nbsp; pintura re\u00fane clasicismo y contemporaneidad para formar una obra bipolar que refleja el estilo y la personal visi\u00f3n de Palmero.&nbsp;Su obra bebe de dos estilos distintos, uno amparado en la pintura objetiva, naturalista y realista; el otro, de car\u00e1cter subjetivo, interior, influido por corrientes como el arte fant\u00e1stico, el surrealismo y el expresionismo.<\/p>\n\n\n<div class=\"wp-block-image\">\n<figure class=\"aligncenter size-full\"><img loading=\"lazy\" decoding=\"async\" width=\"400\" height=\"564\" src=\"https:\/\/lacronicadesevilla.es\/wp-content\/uploads\/2024\/10\/959-palmero.png\" alt=\"\" class=\"wp-image-9028\" srcset=\"https:\/\/lacronicadesevilla.es\/wp-content\/uploads\/2024\/10\/959-palmero.png 400w, https:\/\/lacronicadesevilla.es\/wp-content\/uploads\/2024\/10\/959-palmero-213x300.png 213w, https:\/\/lacronicadesevilla.es\/wp-content\/uploads\/2024\/10\/959-palmero-248x350.png 248w, https:\/\/lacronicadesevilla.es\/wp-content\/uploads\/2024\/10\/959-palmero-106x150.png 106w\" sizes=\"auto, (max-width: 400px) 100vw, 400px\" \/><figcaption class=\"wp-element-caption\">Obra titulada &#8216;959 by Palmero&#8217;<\/figcaption><\/figure>\n<\/div>\n\n\n<p>Las obras de Palmero se pueden encontrar en importantes colecciones privadas. Desde 1991, este pintor ha realizado m\u00faltiples exposiciones y sus creaciones se han presentado en numerosos pa\u00edses&nbsp;como Espa\u00f1a, B\u00e9lgica, Inglaterra, Portugal, Francia,&nbsp;Dinamarca, Alemania, Estados Unidos o&nbsp;Hong Kong, entre otros.&nbsp;<\/p>\n\n\n\n<p>La presentaci\u00f3n de esta pintura cont\u00f3 con la participaci\u00f3n de los maestros del flamenco Sebasti\u00e1n Cruz y Alfredo Lagos en una emotiva actuaci\u00f3n, que se convirti\u00f3 en la mejor banda sonora para las obras de Alfredo Palmero. A su vez, estos artistas representaron desde sus respectivas disciplinas el esp\u00edritu de la marca 959, aunando tradici\u00f3n e innovaci\u00f3n, solera y modernidad, respeto por la historia y pasi\u00f3n por el futuro, siendo la integraci\u00f3n del arte con la gastronom\u00eda el objetivo de esta iniciativa.\u00a0\u00a0<\/p>\n","protected":false},"excerpt":{"rendered":"<p>La CR\u00d3NICA El Museo Palmero de Barcelona, ubicado en una mas\u00eda del siglo XV declarada monumento hist\u00f3rico, ha sido testigo de una interesante fusi\u00f3n: el arte pict\u00f3rico y el jam\u00f3n de Jabugo. <a class=\"continue-reading-link\" href=\"https:\/\/lacronicadesevilla.es\/index.php\/2024\/10\/08\/arte-pictorico-y-jamon-de-jabugo-se-fusionan-en-la-obra-959-palmero\/\"><\/a><\/p>\n","protected":false},"author":50,"featured_media":0,"comment_status":"closed","ping_status":"open","sticky":false,"template":"","format":"standard","meta":{"footnotes":""},"categories":[12],"tags":[],"class_list":["post-9025","post","type-post","status-publish","format-standard","hentry","category-cultura"],"_links":{"self":[{"href":"https:\/\/lacronicadesevilla.es\/index.php\/wp-json\/wp\/v2\/posts\/9025","targetHints":{"allow":["GET"]}}],"collection":[{"href":"https:\/\/lacronicadesevilla.es\/index.php\/wp-json\/wp\/v2\/posts"}],"about":[{"href":"https:\/\/lacronicadesevilla.es\/index.php\/wp-json\/wp\/v2\/types\/post"}],"author":[{"embeddable":true,"href":"https:\/\/lacronicadesevilla.es\/index.php\/wp-json\/wp\/v2\/users\/50"}],"replies":[{"embeddable":true,"href":"https:\/\/lacronicadesevilla.es\/index.php\/wp-json\/wp\/v2\/comments?post=9025"}],"version-history":[{"count":9,"href":"https:\/\/lacronicadesevilla.es\/index.php\/wp-json\/wp\/v2\/posts\/9025\/revisions"}],"predecessor-version":[{"id":9035,"href":"https:\/\/lacronicadesevilla.es\/index.php\/wp-json\/wp\/v2\/posts\/9025\/revisions\/9035"}],"wp:attachment":[{"href":"https:\/\/lacronicadesevilla.es\/index.php\/wp-json\/wp\/v2\/media?parent=9025"}],"wp:term":[{"taxonomy":"category","embeddable":true,"href":"https:\/\/lacronicadesevilla.es\/index.php\/wp-json\/wp\/v2\/categories?post=9025"},{"taxonomy":"post_tag","embeddable":true,"href":"https:\/\/lacronicadesevilla.es\/index.php\/wp-json\/wp\/v2\/tags?post=9025"}],"curies":[{"name":"wp","href":"https:\/\/api.w.org\/{rel}","templated":true}]}}