{"id":9036,"date":"2024-10-11T08:55:18","date_gmt":"2024-10-11T07:55:18","guid":{"rendered":"https:\/\/lacronicadesevilla.es\/?p=9036"},"modified":"2024-10-14T15:22:09","modified_gmt":"2024-10-14T14:22:09","slug":"la-diputacion-estrena-imagen-con-el-lema-vivas-donde-vivas-sevilla-te-sienta-bien","status":"publish","type":"post","link":"https:\/\/lacronicadesevilla.es\/index.php\/2024\/10\/11\/la-diputacion-estrena-imagen-con-el-lema-vivas-donde-vivas-sevilla-te-sienta-bien\/","title":{"rendered":"La Diputaci\u00f3n estrena imagen con el lema &#8216;Vivas donde vivas, Sevilla te sienta bien&#8217;"},"content":{"rendered":"\n<ul class=\"wp-block-list\">\n<li><strong>El nuevo logo conserva el color verde y est\u00e1 constituido por una D y la s\u00edlaba SE, correspondiente a las dos primeras letras del nombre de la provincia<\/strong><\/li>\n<\/ul>\n\n\n<div class=\"wp-block-image\">\n<figure class=\"aligncenter size-full is-resized\"><img loading=\"lazy\" decoding=\"async\" width=\"800\" height=\"462\" src=\"https:\/\/lacronicadesevilla.es\/wp-content\/uploads\/2024\/10\/nuevo-logo-diputacion-sevilla.jpg\" alt=\"\" class=\"wp-image-9050\" style=\"width:740px;height:auto\" srcset=\"https:\/\/lacronicadesevilla.es\/wp-content\/uploads\/2024\/10\/nuevo-logo-diputacion-sevilla.jpg 800w, https:\/\/lacronicadesevilla.es\/wp-content\/uploads\/2024\/10\/nuevo-logo-diputacion-sevilla-300x173.jpg 300w, https:\/\/lacronicadesevilla.es\/wp-content\/uploads\/2024\/10\/nuevo-logo-diputacion-sevilla-768x444.jpg 768w, https:\/\/lacronicadesevilla.es\/wp-content\/uploads\/2024\/10\/nuevo-logo-diputacion-sevilla-606x350.jpg 606w, https:\/\/lacronicadesevilla.es\/wp-content\/uploads\/2024\/10\/nuevo-logo-diputacion-sevilla-150x87.jpg 150w\" sizes=\"auto, (max-width: 800px) 100vw, 800px\" \/><\/figure>\n<\/div>\n\n\n<p><\/p>\n\n\n\n<p>Inma MART\u00cdN<\/p>\n\n\n\n<p>Bajo el lema promocional <em>Vivas donde vivas, Sevilla te sienta bien,<\/em> la <strong>Diputaci\u00f3n de Sevilla<\/strong> acaba de estrenar su <strong>nueva marca<\/strong>. El cambio afecta a toda la <strong>identidad corporativa<\/strong> de la instituci\u00f3n, modernizando su imagen, desde el <strong>logo<\/strong> hasta su propio modelo de empresa p\u00fablica.<\/p>\n\n\n\n<!--more-->\n\n\n\n<p>Esta nueva marca sustituye a la anterior, creada en 1994, coincidiendo con el traslado de la Diputaci\u00f3n a su actual sede en el <strong>edificio de la calle Men\u00e9ndez y Pelayo<\/strong>, antiguo cuartel de caballer\u00eda de la Puerta de la Carne. La nueva se\u00f1a identificativa de esta corporaci\u00f3n provincial conserva el <strong>color verde<\/strong> y est\u00e1 constituida por una D, letra inicial de la palabra \u2018Diputaci\u00f3n\u2019, y las dos primeras del nombre de la capital y la provincia (SE), generando un sello distintivo, original y f\u00e1cilmente identificable y memorable, tal y como mandan los c\u00e1nones del dise\u00f1o y la publicidad.<\/p>\n\n\n\n<p>La nueva imagen fue presentada durante el transcurso de un acto al que asistieron personalidades de la vida pol\u00edtica, social, econ\u00f3mica y de los medios de comunicaci\u00f3n sevillanos, adem\u00e1s de una nutrida representaci\u00f3n de alcaldes, alcaldesas, concejales y concejalas de la provincia. Desde un punto de vista corporativo, la intenci\u00f3n de esta iniciativa es que los <strong>107 municipios de Sevilla y los dos millones de habitantes<\/strong> que habitan en la provincia compartan una misma realidad.<\/p>\n\n\n\n<p>En relaci\u00f3n al proceso de dise\u00f1o, Fern\u00e1ndez S\u00e1nchez, del estudio encargado de su creaci\u00f3n, explica que no se trata de un redise\u00f1o, sino de una marca completamente nueva, pues el anterior logotipo \u201cestaba desgastado\u201d, ya carec\u00eda de la fuerza necesaria y era preciso cambiarlo. Esta necesidad se desprende de los resultados de un estudio previo a trav\u00e9s de una encuesta <em>online<\/em> en la que participaron unas 20.000 personas, que opinaron, entre otras cosas, sobre el anterior logotipo. \u201cM\u00e1s del 90% no era capaz de pintarlo\u201d, se\u00f1ala S\u00e1nchez, quien finaliz\u00f3 su intervenci\u00f3n agradeciendo al equipo humano de Diputaci\u00f3n su implicaci\u00f3n activa y sus aportaciones personales a este proyecto.<\/p>\n\n\n<div class=\"wp-block-image\">\n<figure class=\"aligncenter size-full\"><img loading=\"lazy\" decoding=\"async\" width=\"700\" height=\"441\" src=\"https:\/\/lacronicadesevilla.es\/wp-content\/uploads\/2024\/10\/nuevo-logo-diputacion-sevilla-2.jpg\" alt=\"\" class=\"wp-image-9053\" srcset=\"https:\/\/lacronicadesevilla.es\/wp-content\/uploads\/2024\/10\/nuevo-logo-diputacion-sevilla-2.jpg 700w, https:\/\/lacronicadesevilla.es\/wp-content\/uploads\/2024\/10\/nuevo-logo-diputacion-sevilla-2-300x189.jpg 300w, https:\/\/lacronicadesevilla.es\/wp-content\/uploads\/2024\/10\/nuevo-logo-diputacion-sevilla-2-556x350.jpg 556w, https:\/\/lacronicadesevilla.es\/wp-content\/uploads\/2024\/10\/nuevo-logo-diputacion-sevilla-2-150x95.jpg 150w\" sizes=\"auto, (max-width: 700px) 100vw, 700px\" \/><figcaption class=\"wp-element-caption\">El presidente de la Diputaci\u00f3n, Javier Fern\u00e1ndez (en el centro), fue entrevistado durante el evento<\/figcaption><\/figure>\n<\/div>\n\n\n<p>Para el <strong>presidente de la Diputaci\u00f3n de Sevilla, Javier Fern\u00e1ndez,<\/strong> la anterior imagen corporativa ha jugado perfectamente su papel, ha sido durante 30 a\u00f1os santo y se\u00f1a de la provincia, pero necesitaba un giro y hab\u00eda llegado el momento de renovarla. Fern\u00e1ndez a\u00f1ade que la nueva marca supone \u201cun impulso para la Diputaci\u00f3n, que innova y se moderniza para intentar ser una instituci\u00f3n \u00fatil, una instituci\u00f3n \u00e1gil y cercana que sirva para cambiar la vida de los sevillanos\u201d. Y a\u00f1ade \u201cqueremos que en el nuevo logo se reconozca el servicio que presta la Diputaci\u00f3n en un estado del bienestar\u201d.<\/p>\n\n\n\n<p>&#8216;<strong>Te sienta bien&#8217; con la cultura, la educaci\u00f3n, el medio ambiente&#8230;<\/strong><br>Adem\u00e1s de la propia imagen, la nueva identidad tambi\u00e9n se despliega a trav\u00e9s de distintos mensajes, relacionados con los \u00e1mbitos donde la Diputaci\u00f3n aplica sus pol\u00edticas en coordinaci\u00f3n con los Ayuntamientos sevillanos, como el agua, la cultura, el deporte o la igualdad de oportunidades, entre otros. Concretamente, son diez estos desarrollos, que se representan ic\u00f3nicamente con una silla (en un gui\u00f1o al lema \u2018Sevilla te sienta bien\u2019) personalizada, seg\u00fan el \u00e1rea de actuaci\u00f3n, y acompa\u00f1ada, en todos los casos, con el slogan \u2018Vivas donde vivas\u2026\u2019. <\/p>\n\n\n\n<ul class=\"wp-block-list\">\n<li>Esta es la lista completa:\n<ul class=\"wp-block-list\">\n<li>Vivas donde vivas&#8230; tienes derecho a recibir <strong>agua potable<\/strong>.<\/li>\n\n\n\n<li>Vivas donde vivas&#8230; el <strong>deporte<\/strong> tiene que estar a tu alcance.<\/li>\n\n\n\n<li>Vivas donde vivas&#8230; la <strong>cultura<\/strong> tiene que estar presente.<\/li>\n\n\n\n<li>Vivas donde vivas&#8230; te sentir\u00e1s como en casa con espacios urbanos que mejoran el <strong>bienestar<\/strong>.<\/li>\n\n\n\n<li>Vivas donde vivas&#8230; acceder\u00e1s a las <strong>mismas oportunidades<\/strong> gracias a iniciativas de apoyo social.<\/li>\n\n\n\n<li>Vivas donde vivas&#8230; podr\u00e1s estar <strong>conectado\/a a la tecnolog\u00eda<\/strong> digital.<\/li>\n\n\n\n<li>Vivas donde vivas&#8230; vamos a trabajar en el <strong>medio ambiente<\/strong> para garantizar un futuro sostenible.<\/li>\n\n\n\n<li>Vivas donde vivas&#8230; disfrutar\u00e1s del <strong>turismo<\/strong>, fuente de experiencias e ingresos para la econom\u00eda local.  <\/li>\n\n\n\n<li>Vivas donde vivas&#8230; te estamos protegiendo a trav\u00e9s del <strong>servicio de extinci\u00f3n de incendios<\/strong>.<\/li>\n\n\n\n<li>Vivas donde vivas&#8230; se apoyar\u00e1 a los <strong>j\u00f3venes<\/strong> con m\u00e1s plazas en las residencias universitarias. <\/li>\n<\/ul>\n<\/li>\n<\/ul>\n\n\n\n<p><\/p>\n","protected":false},"excerpt":{"rendered":"<p>Inma MART\u00cdN Bajo el lema promocional Vivas donde vivas, Sevilla te sienta bien, la Diputaci\u00f3n de Sevilla acaba de estrenar su nueva marca. El cambio afecta a toda la identidad corporativa de la instituci\u00f3n, modernizando su imagen, desde el logo hasta su propio modelo de empresa p\u00fablica. <a class=\"continue-reading-link\" href=\"https:\/\/lacronicadesevilla.es\/index.php\/2024\/10\/11\/la-diputacion-estrena-imagen-con-el-lema-vivas-donde-vivas-sevilla-te-sienta-bien\/\"><\/a><\/p>\n","protected":false},"author":50,"featured_media":0,"comment_status":"closed","ping_status":"closed","sticky":false,"template":"","format":"standard","meta":{"footnotes":""},"categories":[8],"tags":[990,1271,1273,1268,1270,1276,1275,1274,1277,18,1015],"class_list":["post-9036","post","type-post","status-publish","format-standard","hentry","category-sevilla","tag-alcalde","tag-ayuntamiento","tag-concejal","tag-diputacion","tag-diputacion-de-sevilla","tag-imagen","tag-logo","tag-marca","tag-nuevo","tag-sevilla","tag-verde"],"_links":{"self":[{"href":"https:\/\/lacronicadesevilla.es\/index.php\/wp-json\/wp\/v2\/posts\/9036","targetHints":{"allow":["GET"]}}],"collection":[{"href":"https:\/\/lacronicadesevilla.es\/index.php\/wp-json\/wp\/v2\/posts"}],"about":[{"href":"https:\/\/lacronicadesevilla.es\/index.php\/wp-json\/wp\/v2\/types\/post"}],"author":[{"embeddable":true,"href":"https:\/\/lacronicadesevilla.es\/index.php\/wp-json\/wp\/v2\/users\/50"}],"replies":[{"embeddable":true,"href":"https:\/\/lacronicadesevilla.es\/index.php\/wp-json\/wp\/v2\/comments?post=9036"}],"version-history":[{"count":19,"href":"https:\/\/lacronicadesevilla.es\/index.php\/wp-json\/wp\/v2\/posts\/9036\/revisions"}],"predecessor-version":[{"id":9068,"href":"https:\/\/lacronicadesevilla.es\/index.php\/wp-json\/wp\/v2\/posts\/9036\/revisions\/9068"}],"wp:attachment":[{"href":"https:\/\/lacronicadesevilla.es\/index.php\/wp-json\/wp\/v2\/media?parent=9036"}],"wp:term":[{"taxonomy":"category","embeddable":true,"href":"https:\/\/lacronicadesevilla.es\/index.php\/wp-json\/wp\/v2\/categories?post=9036"},{"taxonomy":"post_tag","embeddable":true,"href":"https:\/\/lacronicadesevilla.es\/index.php\/wp-json\/wp\/v2\/tags?post=9036"}],"curies":[{"name":"wp","href":"https:\/\/api.w.org\/{rel}","templated":true}]}}