{"id":9079,"date":"2024-10-01T11:13:41","date_gmt":"2024-10-01T10:13:41","guid":{"rendered":"https:\/\/lacronicadesevilla.es\/?p=9079"},"modified":"2024-11-26T10:51:39","modified_gmt":"2024-11-26T09:51:39","slug":"la-obra-don-juan-tenorio-vuelve-a-representarse-en-la-iglesia-de-san-luis-de-los-franceses","status":"publish","type":"post","link":"https:\/\/lacronicadesevilla.es\/index.php\/2024\/10\/01\/la-obra-don-juan-tenorio-vuelve-a-representarse-en-la-iglesia-de-san-luis-de-los-franceses\/","title":{"rendered":"La obra &#8216;Don Juan Tenorio&#8217; vuelve a representarse en la iglesia de San Luis de los Franceses"},"content":{"rendered":"\n<ul class=\"wp-block-list\">\n<li><strong>Las entradas son por invitaci\u00f3n y pueden retirarse en la taquilla del edificio de 16 a 20 horas<\/strong><\/li>\n<\/ul>\n\n\n\n<p>La CR\u00d3NICA<\/p>\n\n\n\n<p>La obra de teatro \u2018<strong>Don Juan de Tenorio<\/strong>\u2019, de Jos\u00e9 Zorrilla, regresa a los escenarios, como es habitual en estas fechas pr\u00f3ximas a las <strong>festividades de Todos los Santos y de los Fieles Difuntos<\/strong>. <\/p>\n\n\n\n<!--more-->\n\n\n\n<p>En <strong>Sevilla<\/strong>, lo hace en un espacio que parece estar espec\u00edficamente concebido para albergar esta historia de fantasmas, la <strong>iglesia de San Luis de los Franceses<\/strong>. La representaci\u00f3n de esta obra es posible gracias a la colaboraci\u00f3n entre la Diputaci\u00f3n de Sevilla y la <strong>Compa\u00f1\u00eda de Teatro Cl\u00e1sico de Sevilla<\/strong>.<\/p>\n\n\n<div class=\"wp-block-image\">\n<figure class=\"aligncenter size-full is-resized\"><img loading=\"lazy\" decoding=\"async\" width=\"800\" height=\"537\" src=\"https:\/\/lacronicadesevilla.es\/wp-content\/uploads\/2024\/10\/don-juan-tenorio-san-luis-franceses-sevilla.jpg\" alt=\"\" class=\"wp-image-9087\" style=\"width:754px;height:auto\" srcset=\"https:\/\/lacronicadesevilla.es\/wp-content\/uploads\/2024\/10\/don-juan-tenorio-san-luis-franceses-sevilla.jpg 800w, https:\/\/lacronicadesevilla.es\/wp-content\/uploads\/2024\/10\/don-juan-tenorio-san-luis-franceses-sevilla-300x201.jpg 300w, https:\/\/lacronicadesevilla.es\/wp-content\/uploads\/2024\/10\/don-juan-tenorio-san-luis-franceses-sevilla-768x516.jpg 768w, https:\/\/lacronicadesevilla.es\/wp-content\/uploads\/2024\/10\/don-juan-tenorio-san-luis-franceses-sevilla-521x350.jpg 521w, https:\/\/lacronicadesevilla.es\/wp-content\/uploads\/2024\/10\/don-juan-tenorio-san-luis-franceses-sevilla-150x101.jpg 150w\" sizes=\"auto, (max-width: 800px) 100vw, 800px\" \/><figcaption class=\"wp-element-caption\">Presentaci\u00f3n de la obra Don Juan Tenorio en la iglesia de San Luis de los Franceses<\/figcaption><\/figure>\n<\/div>\n\n\n<p>Ser\u00e1n <strong>nueve representaciones<\/strong>: los d\u00edas 17, 18, 19, 24, 25, 26 y 31 de octubre y los d\u00edas 1 y 2 de noviembre, a las 20 horas. La <strong>entrada es por invitaci\u00f3n<\/strong> del \u00c1rea de Cultura y Ciudadan\u00eda, que se podr\u00e1 retirar en la taquilla de San Luis en horario de 16 a 20 horas, con un m\u00e1ximo de dos localidades por persona.<\/p>\n\n\n\n<p><strong>Una joya barroca<\/strong><br>La <strong>iglesia de San Luis de los Franceses <\/strong>es una joya del Barroco sevillano, inspirada en los modelos romanos. Situada en el centro de la ciudad, en la calle San Luis, fue dise\u00f1ada por el arquitecto Leonardo de Figueroa y construida entre 1699 y 1730 por encargo de la Compa\u00f1\u00eda de Jes\u00fas. Actualmente, es propiedad de la Diputaci\u00f3n de Sevilla desde el siglo XIX tras un proceso de desamortizaci\u00f3n. Est\u00e1 desacralizada y se han reconvertido en un espacio cultural.<\/p>\n\n\n\n<p>Sobre Don Juan Tenorio, para Juan Motilla, director de la Compa\u00f1\u00eda de Teatro Cl\u00e1sico de Sevilla, \u201ces una obra asequible y entroncada a la tradici\u00f3n, que sigue viva gracias, entre muchos factores, a la universalidad de su protagonista, al poder de atracci\u00f3n de un personaje imperecedero, vigente, que parece recobrar fuerza en la actualidad\u201d.<\/p>\n","protected":false},"excerpt":{"rendered":"<p>La CR\u00d3NICA La obra de teatro \u2018Don Juan de Tenorio\u2019, de Jos\u00e9 Zorrilla, regresa a los escenarios, como es habitual en estas fechas pr\u00f3ximas a las festividades de Todos los Santos y de los Fieles Difuntos. <a class=\"continue-reading-link\" href=\"https:\/\/lacronicadesevilla.es\/index.php\/2024\/10\/01\/la-obra-don-juan-tenorio-vuelve-a-representarse-en-la-iglesia-de-san-luis-de-los-franceses\/\"><\/a><\/p>\n","protected":false},"author":50,"featured_media":0,"comment_status":"closed","ping_status":"closed","sticky":false,"template":"","format":"standard","meta":{"footnotes":""},"categories":[12],"tags":[1268,1282,543,1284,902,1283,18,527],"class_list":["post-9079","post","type-post","status-publish","format-standard","hentry","category-cultura","tag-diputacion","tag-don-juan-tenorio","tag-entradas","tag-gratis","tag-iglesia","tag-san-luis-de-los-franceses","tag-sevilla","tag-teatro"],"_links":{"self":[{"href":"https:\/\/lacronicadesevilla.es\/index.php\/wp-json\/wp\/v2\/posts\/9079","targetHints":{"allow":["GET"]}}],"collection":[{"href":"https:\/\/lacronicadesevilla.es\/index.php\/wp-json\/wp\/v2\/posts"}],"about":[{"href":"https:\/\/lacronicadesevilla.es\/index.php\/wp-json\/wp\/v2\/types\/post"}],"author":[{"embeddable":true,"href":"https:\/\/lacronicadesevilla.es\/index.php\/wp-json\/wp\/v2\/users\/50"}],"replies":[{"embeddable":true,"href":"https:\/\/lacronicadesevilla.es\/index.php\/wp-json\/wp\/v2\/comments?post=9079"}],"version-history":[{"count":8,"href":"https:\/\/lacronicadesevilla.es\/index.php\/wp-json\/wp\/v2\/posts\/9079\/revisions"}],"predecessor-version":[{"id":9104,"href":"https:\/\/lacronicadesevilla.es\/index.php\/wp-json\/wp\/v2\/posts\/9079\/revisions\/9104"}],"wp:attachment":[{"href":"https:\/\/lacronicadesevilla.es\/index.php\/wp-json\/wp\/v2\/media?parent=9079"}],"wp:term":[{"taxonomy":"category","embeddable":true,"href":"https:\/\/lacronicadesevilla.es\/index.php\/wp-json\/wp\/v2\/categories?post=9079"},{"taxonomy":"post_tag","embeddable":true,"href":"https:\/\/lacronicadesevilla.es\/index.php\/wp-json\/wp\/v2\/tags?post=9079"}],"curies":[{"name":"wp","href":"https:\/\/api.w.org\/{rel}","templated":true}]}}