{"id":9188,"date":"2024-10-31T13:19:39","date_gmt":"2024-10-31T12:19:39","guid":{"rendered":"https:\/\/lacronicadesevilla.es\/?p=9188"},"modified":"2024-10-31T14:23:14","modified_gmt":"2024-10-31T13:23:14","slug":"el-macarena-primer-hospital-en-incorporar-un-sistema-de-seguimiento-ocular-en-su-uci","status":"publish","type":"post","link":"https:\/\/lacronicadesevilla.es\/index.php\/2024\/10\/31\/el-macarena-primer-hospital-en-incorporar-un-sistema-de-seguimiento-ocular-en-su-uci\/","title":{"rendered":"El Macarena, primer hospital en incorporar un sistema de seguimiento ocular en su UCI"},"content":{"rendered":"\n<ul class=\"wp-block-list\">\n<li><strong>Permite a los pacientes comunicarse con sus ojos<\/strong><\/li>\n<\/ul>\n\n\n<div class=\"wp-block-image\">\n<figure class=\"aligncenter size-full is-resized\"><img loading=\"lazy\" decoding=\"async\" width=\"700\" height=\"384\" src=\"https:\/\/lacronicadesevilla.es\/wp-content\/uploads\/2024\/10\/eyetracking-macarena.png\" alt=\"\" class=\"wp-image-9192\" style=\"width:646px;height:auto\" srcset=\"https:\/\/lacronicadesevilla.es\/wp-content\/uploads\/2024\/10\/eyetracking-macarena.png 700w, https:\/\/lacronicadesevilla.es\/wp-content\/uploads\/2024\/10\/eyetracking-macarena-300x165.png 300w, https:\/\/lacronicadesevilla.es\/wp-content\/uploads\/2024\/10\/eyetracking-macarena-638x350.png 638w, https:\/\/lacronicadesevilla.es\/wp-content\/uploads\/2024\/10\/eyetracking-macarena-150x82.png 150w\" sizes=\"auto, (max-width: 700px) 100vw, 700px\" \/><\/figure>\n<\/div>\n\n\n<p><\/p>\n\n\n\n<p>La CR\u00d3NICA<\/p>\n\n\n\n<p>La Unidad de Cuidados Intensivos del <strong>hospital sevillano Virgen Macarena<\/strong> ha incorporado una <strong>tecnolog\u00eda de seguimiento ocular<\/strong> o <em>eye-tracking<\/em> destinada a los <strong>pacientes ingresados en esta UCI<\/strong>. <\/p>\n\n\n\n<!--more-->\n\n\n\n<p>De esta manera, pueden comunicar, a trav\u00e9s de sus ojos, sus necesidades, miedos y deseos, o tomar decisiones cr\u00edticas sobre su tratamiento. Este sistema es especialmente eficaz en el caso de pacientes con traqueotom\u00eda, intubados, politraumatizados, despertados de un coma, o con limitaciones motoras. Pues acorde a la literatura cient\u00edfica, ante la imposibilidad de comunicarse con el personal m\u00e9dico o sus familiares, el 62% de estos pacientes experimentan una frustraci\u00f3n significativa, lo que conduce a necesidades desatendidas o insatisfechas y a un aumento de la ansiedad.<\/p>\n\n\n\n<p>Los sistemas de seguimiento ocular permiten revertir esta realidad y transformar la experiencia en la UCI. Tal y como ya sucede en el hospital sevillano Virgen Macarena, el primero en Espa\u00f1a en incorporar esta tecnolog\u00eda, auspiciada por la empresa <strong>Irisbond<\/strong>, referente en <strong>Comunicaci\u00f3n Aumentativa Alternativa<\/strong>. Este avance m\u00e9dico ha sido posible gracias a una donaci\u00f3n de la Hermandad de la Macarena realizada el pasado verano, y posibilita a aquellos pacientes de la UCI que no pueden comunicarse con el habla hacerlo a trav\u00e9s de sus ojos.<\/p>\n\n\n\n<p><strong>Hablar con el m\u00e9dico y con sus familiares <\/strong><br>Seg\u00fan fuentes de Irisbond, varios estudios internacionales evidencian que una comunicaci\u00f3n efectiva con el m\u00e9dico est\u00e1 asociada con una mayor satisfacci\u00f3n del paciente, menor estr\u00e9s emocional, se sienten involucrados, son m\u00e1s propensos a seguir las recomendaciones m\u00e9dicas, lo que reduce las probabilidades de readmisi\u00f3n hospitalaria, da\u00f1os o malos resultados de salud. Se favorece la independencia y autonom\u00eda del paciente, mejoran los resultados cl\u00ednicos y se acelera el proceso de recuperaci\u00f3n, desarrolla un mayor nivel de confianza con el equipo de m\u00e9dico, adem\u00e1s, existe una mayor satisfacci\u00f3n del cuidador, lo que reduce el agotamiento profesional.<\/p>\n\n\n\n<p>Irisbond, compa\u00f1\u00eda espa\u00f1ola pionera en tecnolog\u00edas de <em>eye-tracking<\/em> y referente en Comunicaci\u00f3n Aumentativa Alternativa (CAA), ha dise\u00f1ado un tablero de comunicaci\u00f3n especialmente pensado para personas con desaf\u00edos de comunicaci\u00f3n en Unidades de Cuidados Intensivos, basado en evidencia cient\u00edfica. La compa\u00f1\u00eda ha formado a todos los hospitales y unidades de cuidados intensivos con los que trabajan en materia de CAA y en el efecto que tiene el uso de estos sistemas en UCI, siendo la primera empresa de tecnolog\u00eda de <em>eye-tracking<\/em> que ha entrado en las UCIs espa\u00f1olas para hablar sobre esta necesidad.<\/p>\n\n\n\n<p>\u201cTodo el mundo merece tener voz, independientemente de sus limitaciones f\u00edsicas. Esto es un ejemplo m\u00e1s de c\u00f3mo la tecnolog\u00eda de <em>eye-tracking<\/em> est\u00e1 transformando la comunicaci\u00f3n en la atenci\u00f3n sanitaria, y estamos entusiasmados por estar a la vanguardia de esta innovaci\u00f3n en las UCIs espa\u00f1olas\u201d, afirma Eduardo J\u00e1uregui, cofundador y CEO de Irisbond.<\/p>\n","protected":false},"excerpt":{"rendered":"<p>La CR\u00d3NICA La Unidad de Cuidados Intensivos del hospital sevillano Virgen Macarena ha incorporado una tecnolog\u00eda de seguimiento ocular o eye-tracking destinada a los pacientes ingresados en esta UCI. <a class=\"continue-reading-link\" href=\"https:\/\/lacronicadesevilla.es\/index.php\/2024\/10\/31\/el-macarena-primer-hospital-en-incorporar-un-sistema-de-seguimiento-ocular-en-su-uci\/\"><\/a><\/p>\n","protected":false},"author":50,"featured_media":0,"comment_status":"closed","ping_status":"closed","sticky":false,"template":"","format":"standard","meta":{"footnotes":""},"categories":[11],"tags":[1296,1294,1019,1201,1295,18,550],"class_list":["post-9188","post","type-post","status-publish","format-standard","hentry","category-salud","tag-eyetracking","tag-hospital-macarena","tag-irisbond","tag-medico-2","tag-paciente","tag-sevilla","tag-uci"],"_links":{"self":[{"href":"https:\/\/lacronicadesevilla.es\/index.php\/wp-json\/wp\/v2\/posts\/9188","targetHints":{"allow":["GET"]}}],"collection":[{"href":"https:\/\/lacronicadesevilla.es\/index.php\/wp-json\/wp\/v2\/posts"}],"about":[{"href":"https:\/\/lacronicadesevilla.es\/index.php\/wp-json\/wp\/v2\/types\/post"}],"author":[{"embeddable":true,"href":"https:\/\/lacronicadesevilla.es\/index.php\/wp-json\/wp\/v2\/users\/50"}],"replies":[{"embeddable":true,"href":"https:\/\/lacronicadesevilla.es\/index.php\/wp-json\/wp\/v2\/comments?post=9188"}],"version-history":[{"count":10,"href":"https:\/\/lacronicadesevilla.es\/index.php\/wp-json\/wp\/v2\/posts\/9188\/revisions"}],"predecessor-version":[{"id":9201,"href":"https:\/\/lacronicadesevilla.es\/index.php\/wp-json\/wp\/v2\/posts\/9188\/revisions\/9201"}],"wp:attachment":[{"href":"https:\/\/lacronicadesevilla.es\/index.php\/wp-json\/wp\/v2\/media?parent=9188"}],"wp:term":[{"taxonomy":"category","embeddable":true,"href":"https:\/\/lacronicadesevilla.es\/index.php\/wp-json\/wp\/v2\/categories?post=9188"},{"taxonomy":"post_tag","embeddable":true,"href":"https:\/\/lacronicadesevilla.es\/index.php\/wp-json\/wp\/v2\/tags?post=9188"}],"curies":[{"name":"wp","href":"https:\/\/api.w.org\/{rel}","templated":true}]}}