{"id":9461,"date":"2024-12-12T10:26:11","date_gmt":"2024-12-12T09:26:11","guid":{"rendered":"https:\/\/lacronicadesevilla.es\/?p=9461"},"modified":"2024-12-12T10:35:07","modified_gmt":"2024-12-12T09:35:07","slug":"la-pasarela-uniqo-qlamenco-adelanta-las-tendencias-para-las-ferias-de-2025","status":"publish","type":"post","link":"https:\/\/lacronicadesevilla.es\/index.php\/2024\/12\/12\/la-pasarela-uniqo-qlamenco-adelanta-las-tendencias-para-las-ferias-de-2025\/","title":{"rendered":"La pasarela &#8216;\u00daniqo Qlamenco&#8217; adelanta las tendencias en moda flamenca para las ferias de 2025"},"content":{"rendered":"\n<ul class=\"wp-block-list\">\n<li><strong>Se llevan las faldas con volumen en originales colores como el caldera y el salm\u00f3n<\/strong><\/li>\n<\/ul>\n\n\n\n<p>La CR\u00d3NICA<\/p>\n\n\n\n<p>Con el desfile de <strong>\u00daniqo Qlamenco<\/strong> arranca el calendario de pasarelas de <strong>moda flamenca<\/strong>. Estos desfiles son el espacio ideal para conocer lo que se va a llevar en las ferias y romer\u00edas del pr\u00f3ximo a\u00f1o 2025.&nbsp;<\/p>\n\n\n\n<!--more-->\n\n\n\n<p>Con esta intenci\u00f3n, la Asociaci\u00f3n de Dise\u00f1adores y Empresarios de Moda y Artesan\u00eda Flamenca, Qlamenco, ha organizado la <strong>VII edici\u00f3n del evento<\/strong> de Moda Flamenca \u00daniqo Qlamenco en la Casa Palacio Fabiola de Sevilla, siendo su objetivo promocionar e impulsar la moda y la artesan\u00eda flamenca de Andaluc\u00eda.<\/p>\n\n\n\n<p>Hasta 18 dise\u00f1adores han participado en este desfile de moda flamenca. Se trata de Agus Dorado, Alejandro Andana, Amalia Vergara, \u00c1ngeles Verano, Atelier Rima, Carmen Latorre, Carmen Serrano, Castrej\u00f3n, Cristina V\u00e1zquez, Francisco Tamaral, Inma Benicio, Javier del \u00c1lamo, Juan Foronda, Manuel Odriozola, Mar\u00eda Amador, Marina Moda Flamenca, Raquel Bollo y Sonibel.&nbsp;<\/p>\n\n\n<div class=\"wp-block-image\">\n<figure class=\"aligncenter size-full is-resized\"><img loading=\"lazy\" decoding=\"async\" width=\"600\" height=\"949\" src=\"https:\/\/lacronicadesevilla.es\/wp-content\/uploads\/2024\/12\/unico-qlamenco-25.jpg\" alt=\"\" class=\"wp-image-9470\" style=\"width:420px;height:auto\" srcset=\"https:\/\/lacronicadesevilla.es\/wp-content\/uploads\/2024\/12\/unico-qlamenco-25.jpg 600w, https:\/\/lacronicadesevilla.es\/wp-content\/uploads\/2024\/12\/unico-qlamenco-25-190x300.jpg 190w, https:\/\/lacronicadesevilla.es\/wp-content\/uploads\/2024\/12\/unico-qlamenco-25-221x350.jpg 221w, https:\/\/lacronicadesevilla.es\/wp-content\/uploads\/2024\/12\/unico-qlamenco-25-95x150.jpg 95w\" sizes=\"auto, (max-width: 600px) 100vw, 600px\" \/><figcaption class=\"wp-element-caption\">Dise\u00f1o de Atelier Rima. Foto: Chema Soler<\/figcaption><\/figure>\n<\/div>\n\n\n<p>Respecto a las tendencias, predominan los estampados de lunares, en su versi\u00f3n m\u00e1s cl\u00e1sica, como es el caso del traje de Agus Dorado, inspirado en el tr\u00f3pico y con una apertura lateral en forma de c\u00edrculo. Mientras que en el dise\u00f1o de Atelier Rima, los lunares blancos sobre fondo negro se combinan con motivos florales. Por su parte, se llevan las faldas con pocos volantes, pero bien trabajadas y voluminosas, tal y como se pudo apreciar en un vestido de Amalia Vergara con mangas abullonadas.<\/p>\n\n\n\n<p>En cuanto a los colores, se aprecia una apuesta por tonos originales, como el caldera, el malva, el salm\u00f3n o el verde kiwi; que se suman a otros m\u00e1s tradicionales, como el negro y el rojo, este \u00faltimo protagonista en un dise\u00f1o de Carmen Latorre. Destaca la riqueza y la variedad de tejidos empleados por los dise\u00f1adores, entre los que figuran el organd\u00ed, el cresp\u00f3n de seda, el tafet\u00e1n, la organza e, incluso, el terciopelo, presente en un traje de Francisco Tamaral.<\/p>\n\n\n\n<p>Otra tendencia es el uso de aplicaciones o accesorios para adornar los vestidos. Es el caso de las flores y los p\u00e9talos en un traje de Javier del \u00c1lamo, los flecos dorados sobre los hombros, cristales en un vestido de Manuel Odriozola y las flores de perlas de Alejandro Andana. Las modelos tambi\u00e9n desfilaron luciendo mantones de manila de la firma Juan Foronda, un complemento muy ligado a Andaluc\u00eda, que no entiende de modas.<\/p>\n","protected":false},"excerpt":{"rendered":"<p>La CR\u00d3NICA Con el desfile de \u00daniqo Qlamenco arranca el calendario de pasarelas de moda flamenca. Estos desfiles son el espacio ideal para conocer lo que se va a llevar en las ferias y romer\u00edas del pr\u00f3ximo a\u00f1o 2025.&nbsp; <a class=\"continue-reading-link\" href=\"https:\/\/lacronicadesevilla.es\/index.php\/2024\/12\/12\/la-pasarela-uniqo-qlamenco-adelanta-las-tendencias-para-las-ferias-de-2025\/\"><\/a><\/p>\n","protected":false},"author":50,"featured_media":0,"comment_status":"closed","ping_status":"closed","sticky":false,"template":"","format":"standard","meta":{"footnotes":""},"categories":[9],"tags":[1359,605,413,85,24,1360,1004,18,130],"class_list":["post-9461","post","type-post","status-publish","format-standard","hentry","category-sociedad","tag-disenadores","tag-feria","tag-flamenca","tag-moda","tag-moda-flamenca","tag-qlamenco","tag-romeria","tag-sevilla","tag-traje-de-flamenca"],"_links":{"self":[{"href":"https:\/\/lacronicadesevilla.es\/index.php\/wp-json\/wp\/v2\/posts\/9461","targetHints":{"allow":["GET"]}}],"collection":[{"href":"https:\/\/lacronicadesevilla.es\/index.php\/wp-json\/wp\/v2\/posts"}],"about":[{"href":"https:\/\/lacronicadesevilla.es\/index.php\/wp-json\/wp\/v2\/types\/post"}],"author":[{"embeddable":true,"href":"https:\/\/lacronicadesevilla.es\/index.php\/wp-json\/wp\/v2\/users\/50"}],"replies":[{"embeddable":true,"href":"https:\/\/lacronicadesevilla.es\/index.php\/wp-json\/wp\/v2\/comments?post=9461"}],"version-history":[{"count":13,"href":"https:\/\/lacronicadesevilla.es\/index.php\/wp-json\/wp\/v2\/posts\/9461\/revisions"}],"predecessor-version":[{"id":9478,"href":"https:\/\/lacronicadesevilla.es\/index.php\/wp-json\/wp\/v2\/posts\/9461\/revisions\/9478"}],"wp:attachment":[{"href":"https:\/\/lacronicadesevilla.es\/index.php\/wp-json\/wp\/v2\/media?parent=9461"}],"wp:term":[{"taxonomy":"category","embeddable":true,"href":"https:\/\/lacronicadesevilla.es\/index.php\/wp-json\/wp\/v2\/categories?post=9461"},{"taxonomy":"post_tag","embeddable":true,"href":"https:\/\/lacronicadesevilla.es\/index.php\/wp-json\/wp\/v2\/tags?post=9461"}],"curies":[{"name":"wp","href":"https:\/\/api.w.org\/{rel}","templated":true}]}}