{"id":95,"date":"2016-10-20T13:18:48","date_gmt":"2016-10-20T12:18:48","guid":{"rendered":"http:\/\/lacronicadesevilla.es\/?p=95"},"modified":"2016-10-21T08:42:22","modified_gmt":"2016-10-21T07:42:22","slug":"mi-abuela-tiene-alzhelmer","status":"publish","type":"post","link":"https:\/\/lacronicadesevilla.es\/index.php\/2016\/10\/20\/mi-abuela-tiene-alzhelmer\/","title":{"rendered":"Mi abuela tiene alzh\u00e9imer"},"content":{"rendered":"<p><span style=\"color: #808080;\">Marina REINA<\/span><\/p>\n<p>El <strong>alzh\u00e9imer<\/strong> es una enfermedad cerebral que provoca p\u00e9rdida progresiva de la memoria y problemas en el comportamiento. Encarna la padece. Comenz\u00f3 con peque\u00f1os lapsus y hoy no puede valerse por s\u00ed misma.<!--more--><\/p>\n<p>Esta dolencia es capaz de consumir la vida de la persona que la padece, pero tambi\u00e9n afecta emocionalmente a quienes est\u00e1n a su alrededor. Esta enfermedad empeora con el tiempo, y sus s\u00edntomas pueden variar dependiendo del paciente. El m\u00e1s obvio es la <strong>p\u00e9rdida de memoria<\/strong> hasta el punto de impedir a la persona realizar con normalidad las tareas de su vida cotidiana.<\/p>\n<p>Por lo general, no se detecta de repente, sino que las se\u00f1ales de alerta van apareciendo poco a poco. Para saber si una persona padece este trastorno solo hay que observar si presenta un comportamiento an\u00f3malo. Por ejemplo, si hace comentarios que saltan en el tiempo o si dice que \u201cviene\u201d de hacer algo que normalmente hac\u00eda pero cuando era m\u00e1s joven.<\/p>\n<p>Es el caso de Encarna Monroy. La primera se\u00f1al de alarma para la familia fue cuando le dijo a una de sus nietas que le hab\u00eda preparado un cocido a su marido que estaba a punto de llegar del trabajo. Sin embargo, el marido de Encarna llevaba 14 a\u00f1os fallecido. La primera vez que visit\u00f3 el hospital debido a este tipo de \u2018confusiones\u2019, el m\u00e9dico le dijo que ten\u00eda otros problemas de salud. Le recomendaron una dieta estricta para bajar de peso y le recetaron unas pastillas para tener todos los niveles bajo control.<\/p>\n<p>Ante los ojos del m\u00e9dico, sus dolencias eran otras. Sin embargo, un d\u00eda la se\u00f1ora Monroy decidi\u00f3 salir a la calle, a\u00fan sabiendo que no deb\u00eda hacerlo sola. Se le hab\u00eda olvidado. No era la primera vez que se ca\u00eda por las escaleras de un tercer piso. \u201cPoco a poco, el alzh\u00e9imer va consumiendo a la persona y haciendo que olvide lo m\u00e1s esencial. Es como vivir hacia atr\u00e1s lo que en su d\u00eda ya has vivido hacia delante\u201d, afirma una enfermera acostumbrada a tratar con estos pacientes.<\/p>\n<p>Cuando le detectaron la enfermedad, tres de los cuatro hijos de Encarna modificaron sus horarios de trabajo y comenzaron a sacrificar parte de su tiempo libre. Ahora toca cuidar de su madre. Actualmente, Encarna vive en una residencia para mayores, pues es el sitio donde puede recibir la atenci\u00f3n m\u00e9dica diaria que ella necesita.<\/p>\n<p><strong>Talleres para ralentizar la enfermedad<\/strong><br \/>\nEn estos centros se realizan talleres que ayudan a que la enfermedad transcurra m\u00e1s lenta, lo que permite poder disfrutar m\u00e1s tiempo de estas personas. De hecho, fuentes m\u00e9dicas afirman que \u201cel alzh\u00e9imer se puede combatir con ejercicios mentales y psicomotrices que ayudan a que el paciente recuerde y fortalezca sus habilidades f\u00edsicas y mentales, ya que aparte de perder la memoria, tambi\u00e9n pierden movilidad hasta quedar vegetales\u201d.<\/p>\n<p>Adem\u00e1s, actualmente, se investiga la posibilidad de encontrar un remedio para aquellos casos en los que el alzh\u00e9imer no se encuentra en una etapa avanzada. A pesar de que cient\u00edficamente no hay cura, el m\u00e9todo emocional basado en el cari\u00f1o de la familia da sus frutos.<\/p>\n<p>As\u00ed, una caricia, un beso o un abrazo hace que la persona que est\u00e1 enferma se sienta mejor. Aunque no se acuerde ya de qui\u00e9n eres, sabe por estos detalles cari\u00f1osos que hay alguien que quiere estar a su lado.<\/p>\n","protected":false},"excerpt":{"rendered":"<p>Marina REINA El alzh\u00e9imer es una enfermedad cerebral que provoca p\u00e9rdida progresiva de la memoria y problemas en el comportamiento. Encarna la padece. Comenz\u00f3 con peque\u00f1os lapsus y hoy no puede valerse por s\u00ed misma. <a class=\"continue-reading-link\" href=\"https:\/\/lacronicadesevilla.es\/index.php\/2016\/10\/20\/mi-abuela-tiene-alzhelmer\/\"><\/a><\/p>\n","protected":false},"author":1,"featured_media":0,"comment_status":"closed","ping_status":"closed","sticky":false,"template":"","format":"standard","meta":{"footnotes":""},"categories":[11],"tags":[48,50,49,40],"class_list":["post-95","post","type-post","status-publish","format-standard","hentry","category-salud","tag-alzheimer","tag-familia","tag-memoria","tag-salud"],"_links":{"self":[{"href":"https:\/\/lacronicadesevilla.es\/index.php\/wp-json\/wp\/v2\/posts\/95","targetHints":{"allow":["GET"]}}],"collection":[{"href":"https:\/\/lacronicadesevilla.es\/index.php\/wp-json\/wp\/v2\/posts"}],"about":[{"href":"https:\/\/lacronicadesevilla.es\/index.php\/wp-json\/wp\/v2\/types\/post"}],"author":[{"embeddable":true,"href":"https:\/\/lacronicadesevilla.es\/index.php\/wp-json\/wp\/v2\/users\/1"}],"replies":[{"embeddable":true,"href":"https:\/\/lacronicadesevilla.es\/index.php\/wp-json\/wp\/v2\/comments?post=95"}],"version-history":[{"count":8,"href":"https:\/\/lacronicadesevilla.es\/index.php\/wp-json\/wp\/v2\/posts\/95\/revisions"}],"predecessor-version":[{"id":144,"href":"https:\/\/lacronicadesevilla.es\/index.php\/wp-json\/wp\/v2\/posts\/95\/revisions\/144"}],"wp:attachment":[{"href":"https:\/\/lacronicadesevilla.es\/index.php\/wp-json\/wp\/v2\/media?parent=95"}],"wp:term":[{"taxonomy":"category","embeddable":true,"href":"https:\/\/lacronicadesevilla.es\/index.php\/wp-json\/wp\/v2\/categories?post=95"},{"taxonomy":"post_tag","embeddable":true,"href":"https:\/\/lacronicadesevilla.es\/index.php\/wp-json\/wp\/v2\/tags?post=95"}],"curies":[{"name":"wp","href":"https:\/\/api.w.org\/{rel}","templated":true}]}}