{"id":9515,"date":"2024-12-20T10:00:09","date_gmt":"2024-12-20T09:00:09","guid":{"rendered":"https:\/\/lacronicadesevilla.es\/?p=9515"},"modified":"2024-12-20T11:30:13","modified_gmt":"2024-12-20T10:30:13","slug":"chary-sanchez-la-alegria-de-tu-dia-no-puede-depender-de-recibir-un-mensaje-en-el-movil","status":"publish","type":"post","link":"https:\/\/lacronicadesevilla.es\/index.php\/2024\/12\/20\/chary-sanchez-la-alegria-de-tu-dia-no-puede-depender-de-recibir-un-mensaje-en-el-movil\/","title":{"rendered":"Chary S\u00e1nchez: \u201cLa alegr\u00eda de tu d\u00eda no puede depender de recibir un mensaje en el m\u00f3vil\u201d"},"content":{"rendered":"\n<ul class=\"wp-block-list\">\n<li><strong>Esta periodista y coach emocional imparte talleres donde ense\u00f1a a los j\u00f3venes c\u00f3mo defenderse de las relaciones t\u00f3xicas en internet<\/strong><\/li>\n<\/ul>\n\n\n<div class=\"wp-block-image\">\n<figure class=\"aligncenter size-full is-resized\"><img loading=\"lazy\" decoding=\"async\" width=\"900\" height=\"544\" src=\"https:\/\/lacronicadesevilla.es\/wp-content\/uploads\/2024\/12\/chary-sanchez-coach.jpg\" alt=\"\" class=\"wp-image-9521\" style=\"width:776px;height:auto\" srcset=\"https:\/\/lacronicadesevilla.es\/wp-content\/uploads\/2024\/12\/chary-sanchez-coach.jpg 900w, https:\/\/lacronicadesevilla.es\/wp-content\/uploads\/2024\/12\/chary-sanchez-coach-300x181.jpg 300w, https:\/\/lacronicadesevilla.es\/wp-content\/uploads\/2024\/12\/chary-sanchez-coach-768x464.jpg 768w, https:\/\/lacronicadesevilla.es\/wp-content\/uploads\/2024\/12\/chary-sanchez-coach-579x350.jpg 579w, https:\/\/lacronicadesevilla.es\/wp-content\/uploads\/2024\/12\/chary-sanchez-coach-150x91.jpg 150w\" sizes=\"auto, (max-width: 900px) 100vw, 900px\" \/><\/figure>\n<\/div>\n\n\n<p><\/p>\n\n\n\n<p>Jorge de ALBA GONZ\u00c1LEZ<\/p>\n\n\n\n<p>Chary S\u00e1nchez, <strong>periodista y coach<\/strong>, lleva m\u00e1s de una d\u00e9cada sensibilizando sobre <strong>violencia de g\u00e9nero<\/strong> en colegios a trav\u00e9s de conferencias y talleres. <\/p>\n\n\n\n<!--more-->\n\n\n\n<p>Sus charlas se centran en la prevenci\u00f3n, especialmente a trav\u00e9s de la <strong>educaci\u00f3n emocional digital<\/strong>, un \u00e1mbito que considera clave para frenar el control y el maltrato en las relaciones a trav\u00e9s de internet.\u00a0En su quehacer diario, y desde su experiencia, analiza c\u00f3mo la violencia de g\u00e9nero se ha adaptado a los medios digitales y advierte sobre la falta de herramientas educativas que permitan a los adolescentes detectar y actuar ante estas din\u00e1micas.\u00a0<\/p>\n\n\n\n<p>Adem\u00e1s, es autora del <strong>libro \u2018Me conformo con verte en l\u00ednea\u2019.<\/strong> La obra consta de dos partes. La primera es un manual para detectar patrones de dependencia emocional en entornos digitales, mientras que la segunda es el relato de una relaci\u00f3n sentimental que se vuelve t\u00f3xica a trav\u00e9s del tel\u00e9fono m\u00f3vil, y que invita a reflexionar sobre este fen\u00f3meno social.&nbsp;<\/p>\n\n\n\n<p><strong>\u00bfCu\u00e1les son las primeras se\u00f1ales del maltrato en una pareja?<\/strong><br>Cuando doy ponencias en centros educativos, suelo utilizar material audiovisual. Apago las luces y proyecto, y al encenderlas observo en los rostros de los adolescentes que algo no anda bien. Muchas veces, las chicas me cuentan que han sufrido control por parte de sus parejas, como revisarles el m\u00f3vil o supervisar c\u00f3mo se visten. Los adolescentes son un p\u00fablico clave para identificar estas situaciones a tiempo.<\/p>\n\n\n\n<p><strong>Alertas en tus charlas sobre el maltrato a trav\u00e9s del m\u00f3vil, \u00bfqu\u00e9 deben hacer las v\u00edctimas para frenar este tipo de comportamientos?<\/strong><br>Lo que hay que hacer es incorporar una formaci\u00f3n en educaci\u00f3n emocional digital. Si no educamos a los j\u00f3venes sobre estas din\u00e1micas, no sabr\u00e1n identificarlas. Esto requiere incluir pautas concretas y materiales pr\u00e1cticos desde el momento en que reciben un m\u00f3vil. Lamentablemente, esta educaci\u00f3n no est\u00e1 implementada ni en los colegios ni en las familias. Se debe ense\u00f1ar qu\u00e9 es una relaci\u00f3n sana y cu\u00e1les son las se\u00f1ales del maltrato psicol\u00f3gico. Tambi\u00e9n con las nuevas tecnolog\u00edas; en eso consiste la educaci\u00f3n emocional digital. Es un vac\u00edo que llevo a\u00f1os intentando cubrir.<\/p>\n\n\n\n<p><strong>De manera an\u00f3nima, \u00bfpodr\u00edas comentarnos alg\u00fan caso que te haya impactado especialmente?<\/strong><br>Lo que m\u00e1s me sorprende es c\u00f3mo la violencia digital se cuela en la vida de los adolescentes. He visto casos donde las chicas reciben amenazas, incluso a trav\u00e9s de aplicaciones de pago como Bizum. En otros casos, sus parejas utilizan herramientas de inteligencia artificial para manipularlas o acosarlas. Lo que me preocupa es que, al mismo tiempo que nos volvemos expertos en redes sociales y aplicaciones, seguimos siendo inseguros y poco conscientes al construir nuestras relaciones.<\/p>\n\n\n\n<p><\/p>\n\n\n\n<blockquote class=\"wp-block-quote is-layout-flow wp-block-quote-is-layout-flow\">\n<p class=\"has-text-align-center has-white-background-color has-background\" style=\"font-size:23px\"><em><strong>\u00abRevisarle el tel\u00e9fono o supervisar c\u00f3mo<\/strong><br><strong>se viste son algunas<\/strong> <strong>de las primeras se\u00f1ales<\/strong><br><strong>de maltrato de g\u00e9nero entre los j\u00f3venes\u00bb<\/strong><\/em><\/p>\n<\/blockquote>\n\n\n\n<p><br><strong>\u00bfC\u00f3mo percibes las actuales din\u00e1micas en las relaciones de pareja?<\/strong><br>En los centros educativos noto un contraste preocupante. Por un lado, los j\u00f3venes son modernos y est\u00e1n al d\u00eda a la hora de usar las redes sociales o subir contenido personal a internet. Por otro, existe un control excesivo en las relaciones: contrase\u00f1as compartidas, revisi\u00f3n de m\u00f3viles, y poca conciencia de lo que significa una relaci\u00f3n basada en la confianza y el respeto.<\/p>\n\n\n\n<p><strong>En el caso de los m\u00e1s j\u00f3venes, \u00bfadviertes avances en materia de igualdad?<\/strong><br>Es dif\u00edcil. Llevamos 10 a\u00f1os intentando mejorar los protocolos de actuaci\u00f3n, pero a\u00fan hay muchas carencias. A los adolescentes no se les ense\u00f1a qu\u00e9 es una relaci\u00f3n sana ni c\u00f3mo identificar la violencia emocional o digital. Incluso en los puntos violeta falta empat\u00eda y formaci\u00f3n adecuada. Una chica de 16 a\u00f1os no sabe c\u00f3mo reaccionar ni qu\u00e9 decir si llama al 016. La educaci\u00f3n es el \u00fanico camino para cambiar esto.<\/p>\n\n\n\n<p><strong>\u00bfCu\u00e1les son los temas y las dudas m\u00e1s recurrentes en los talleres de igualdad?<\/strong><br>En estos encuentros siempre les cuento a mis alumnos que yo he pasado por este tipo de situaciones y que he vivido con un persona que me ha maltratado. A cualquiera le puede pasar, con independencia de su nivel socioecon\u00f3mico y educativo. Las v\u00edctimas, a menudo, no saben que est\u00e1n siendo maltratadas porque no tienen herramientas para identificar este problema, que no distingue entre clases sociales o niveles educativos. Muchas mujeres piensan que esta informaci\u00f3n no va dirigida a ellas porque es demasiado t\u00e9cnica. Por ello, es fundamental hablar claro sobre el maltrato y la violencia, en el idioma de la gente de la calle y desde la experiencia real. Es el motivo por el que comparto mi testimonio personal, porque s\u00e9 lo dif\u00edcil que es reconocer el abuso psicol\u00f3gico.<\/p>\n\n\n\n<p><strong>Dada tu experiencia trabajando con diferentes instituciones, \u00bfc\u00f3mo eval\u00faas el papel del sistema educativo en la prevenci\u00f3n de la violencia de g\u00e9nero?<\/strong><br>En muchas ocasiones, es penoso. En zonas desfavorecidas, los recursos en las escuelas son \u00ednfimos en comparaci\u00f3n con colegios privados o concertados. A veces, trabajo con presupuestos tan bajos que tengo que comprar el material, como las cartulinas para hacer p\u00f3sters, con mi propio dinero porque necesito estos recursos para trabajar en la concienciaci\u00f3n de los j\u00f3venes. Mientras tanto, se sigue invirtiendo en campa\u00f1as obsoletas en lugar de adoptar medidas reales. Es imprescindible introducir una formaci\u00f3n emocional digital desde edades tempranas y capacitar a los profesores.<\/p>\n\n\n\n<p><strong>Para terminar, d\u00e9janos un mensaje y un deseo de cambio social.<\/strong><br>En 2025 me gustar\u00eda que los esfuerzos realizados dieran sus frutos. Necesitamos que la educaci\u00f3n emocional digital sea una prioridad, y si no lo hace el Gobierno, que lo impulsen las empresas a trav\u00e9s de sus departamentos de responsabilidad social corporativa. Mi mensaje es claro: la alegr\u00eda de tu d\u00eda no puede depender de un mensaje. Hay que aprender a vivir nuestras emociones lejos del tel\u00e9fono m\u00f3vil y priorizar las relaciones sanas, basadas en el respeto y la confianza.<\/p>\n","protected":false},"excerpt":{"rendered":"<p>Jorge de ALBA GONZ\u00c1LEZ Chary S\u00e1nchez, periodista y coach, lleva m\u00e1s de una d\u00e9cada sensibilizando sobre violencia de g\u00e9nero en colegios a trav\u00e9s de conferencias y talleres. <a class=\"continue-reading-link\" href=\"https:\/\/lacronicadesevilla.es\/index.php\/2024\/12\/20\/chary-sanchez-la-alegria-de-tu-dia-no-puede-depender-de-recibir-un-mensaje-en-el-movil\/\"><\/a><\/p>\n","protected":false},"author":50,"featured_media":0,"comment_status":"closed","ping_status":"closed","sticky":false,"template":"","format":"standard","meta":{"footnotes":""},"categories":[9],"tags":[93,1371,1370],"class_list":["post-9515","post","type-post","status-publish","format-standard","hentry","category-sociedad","tag-chary-sanchez","tag-educacion-emocional","tag-violencia-de-genero"],"_links":{"self":[{"href":"https:\/\/lacronicadesevilla.es\/index.php\/wp-json\/wp\/v2\/posts\/9515","targetHints":{"allow":["GET"]}}],"collection":[{"href":"https:\/\/lacronicadesevilla.es\/index.php\/wp-json\/wp\/v2\/posts"}],"about":[{"href":"https:\/\/lacronicadesevilla.es\/index.php\/wp-json\/wp\/v2\/types\/post"}],"author":[{"embeddable":true,"href":"https:\/\/lacronicadesevilla.es\/index.php\/wp-json\/wp\/v2\/users\/50"}],"replies":[{"embeddable":true,"href":"https:\/\/lacronicadesevilla.es\/index.php\/wp-json\/wp\/v2\/comments?post=9515"}],"version-history":[{"count":29,"href":"https:\/\/lacronicadesevilla.es\/index.php\/wp-json\/wp\/v2\/posts\/9515\/revisions"}],"predecessor-version":[{"id":9547,"href":"https:\/\/lacronicadesevilla.es\/index.php\/wp-json\/wp\/v2\/posts\/9515\/revisions\/9547"}],"wp:attachment":[{"href":"https:\/\/lacronicadesevilla.es\/index.php\/wp-json\/wp\/v2\/media?parent=9515"}],"wp:term":[{"taxonomy":"category","embeddable":true,"href":"https:\/\/lacronicadesevilla.es\/index.php\/wp-json\/wp\/v2\/categories?post=9515"},{"taxonomy":"post_tag","embeddable":true,"href":"https:\/\/lacronicadesevilla.es\/index.php\/wp-json\/wp\/v2\/tags?post=9515"}],"curies":[{"name":"wp","href":"https:\/\/api.w.org\/{rel}","templated":true}]}}