{"id":9651,"date":"2025-02-07T10:48:46","date_gmt":"2025-02-07T09:48:46","guid":{"rendered":"https:\/\/lacronicadesevilla.es\/?p=9651"},"modified":"2025-02-07T11:18:21","modified_gmt":"2025-02-07T10:18:21","slug":"el-consulado-de-portugal-presenta-la-feria-del-queso-alentejano","status":"publish","type":"post","link":"https:\/\/lacronicadesevilla.es\/index.php\/2025\/02\/07\/el-consulado-de-portugal-presenta-la-feria-del-queso-alentejano\/","title":{"rendered":"El Consulado de Portugal presenta la Feria del Queso Alentejano\u00a0"},"content":{"rendered":"<div class=\"wp-block-image\">\n<figure class=\"aligncenter size-full is-resized\"><img loading=\"lazy\" decoding=\"async\" width=\"800\" height=\"476\" src=\"https:\/\/lacronicadesevilla.es\/wp-content\/uploads\/2025\/02\/24-feria-queso-alentejo.jpg\" alt=\"\" class=\"wp-image-9659\" style=\"width:614px;height:auto\" srcset=\"https:\/\/lacronicadesevilla.es\/wp-content\/uploads\/2025\/02\/24-feria-queso-alentejo.jpg 800w, https:\/\/lacronicadesevilla.es\/wp-content\/uploads\/2025\/02\/24-feria-queso-alentejo-300x179.jpg 300w, https:\/\/lacronicadesevilla.es\/wp-content\/uploads\/2025\/02\/24-feria-queso-alentejo-768x457.jpg 768w, https:\/\/lacronicadesevilla.es\/wp-content\/uploads\/2025\/02\/24-feria-queso-alentejo-588x350.jpg 588w, https:\/\/lacronicadesevilla.es\/wp-content\/uploads\/2025\/02\/24-feria-queso-alentejo-150x89.jpg 150w\" sizes=\"auto, (max-width: 800px) 100vw, 800px\" \/><\/figure>\n<\/div>\n\n\n<p><\/p>\n\n\n\n<p>La CR\u00d3NICA<\/p>\n\n\n\n<p>La 24\u00ba edici\u00f3n de la <strong>Feria del Queso del Alentejo<\/strong> ha sido presentada en el <strong>Consulado de Portugal en Sevilla<\/strong>. Se trata de un producto afamado que cuenta con <strong>denominaci\u00f3n de origen protegida<\/strong>.<\/p>\n\n\n\n<!--more-->\n\n\n\n<p>Este evento gastron\u00f3mico, que se celebrar\u00e1 del <strong>21 al 23 de febrero en el Parque de Ferias y Exposiciones de Serpa<\/strong>, se centra en uno de los productos m\u00e1s emblem\u00e1ticos de este municipio portugu\u00e9s y de toda la regi\u00f3n. Pues abarca variedades de queso, no s\u00f3lo de Serpa, sino tambi\u00e9n de \u00c9vora, Nisa, Beira Baixa, Castelo Branco, Azeit\u00e3o, Redondo, Borba, Estremoz, Rio de Moinhos o Serra da Estrela.<\/p>\n\n\n\n<p>Participan productores de quesos locales, regionales y extranjeros, y adem\u00e1s, se exponen otros productos aut\u00f3ctonos como <strong>pan, embutidos, dulces conventuales, aceite de oliva, vino, miel y aceituna<\/strong>. As\u00ed como artesan\u00eda y actividades de entretenimiento, entre las que figuran los talleres infantiles para aprender a hacer queso.\u00a0<\/p>\n\n\n\n<p>Para la c\u00f3nsul general de Portugal en Sevilla, <strong>Cl\u00e1udia Boesch<\/strong>, la feria del queso es \u201cun aliciente para visitar el Alentejo\u201d. De hecho, este acto, organizado en colaboraci\u00f3n por el Ayuntamiento de Serpa, el Consulado General de Portugal en Sevilla, la Regi\u00f3n de Turismo del Alentejo Ribatejo y la Agencia Regional de Promoci\u00f3n Tur\u00edstica del Alentejo, tiene como objetivo atraer a m\u00e1s visitantes y turistas a la Feria del Queso Alentejano y es tambi\u00e9n una oportunidad para promocionar el municipio en todos sus diferentes aspectos: patrimonio cultural, playas, bodegas y gastronom\u00eda.<\/p>\n\n\n\n<p>La presentaci\u00f3n finaliz\u00f3 con la actuaci\u00f3n musical del grupo Os Alentejanos, que interpret\u00f3 piezas propias del <strong>Cante Alentejano<\/strong>, declarado Patrimonio Cultural Inmaterial de la Humanidad.<\/p>\n\n\n","protected":false},"excerpt":{"rendered":"<p>La CR\u00d3NICA La 24\u00ba edici\u00f3n de la Feria del Queso del Alentejo ha sido presentada en el Consulado de Portugal en Sevilla. Se trata de un producto afamado que cuenta con denominaci\u00f3n de origen protegida. <a class=\"continue-reading-link\" href=\"https:\/\/lacronicadesevilla.es\/index.php\/2025\/02\/07\/el-consulado-de-portugal-presenta-la-feria-del-queso-alentejano\/\"><\/a><\/p>\n","protected":false},"author":50,"featured_media":0,"comment_status":"closed","ping_status":"open","sticky":false,"template":"","format":"standard","meta":{"footnotes":""},"categories":[8],"tags":[1067,1068,525,393,1391,236,1392,1393,18],"class_list":["post-9651","post","type-post","status-publish","format-standard","hentry","category-sevilla","tag-alentejo","tag-cante-alentejano","tag-embutidos","tag-febrero","tag-feria-del-queso-alentejano","tag-portugal","tag-queso","tag-serpa","tag-sevilla"],"_links":{"self":[{"href":"https:\/\/lacronicadesevilla.es\/index.php\/wp-json\/wp\/v2\/posts\/9651","targetHints":{"allow":["GET"]}}],"collection":[{"href":"https:\/\/lacronicadesevilla.es\/index.php\/wp-json\/wp\/v2\/posts"}],"about":[{"href":"https:\/\/lacronicadesevilla.es\/index.php\/wp-json\/wp\/v2\/types\/post"}],"author":[{"embeddable":true,"href":"https:\/\/lacronicadesevilla.es\/index.php\/wp-json\/wp\/v2\/users\/50"}],"replies":[{"embeddable":true,"href":"https:\/\/lacronicadesevilla.es\/index.php\/wp-json\/wp\/v2\/comments?post=9651"}],"version-history":[{"count":10,"href":"https:\/\/lacronicadesevilla.es\/index.php\/wp-json\/wp\/v2\/posts\/9651\/revisions"}],"predecessor-version":[{"id":9664,"href":"https:\/\/lacronicadesevilla.es\/index.php\/wp-json\/wp\/v2\/posts\/9651\/revisions\/9664"}],"wp:attachment":[{"href":"https:\/\/lacronicadesevilla.es\/index.php\/wp-json\/wp\/v2\/media?parent=9651"}],"wp:term":[{"taxonomy":"category","embeddable":true,"href":"https:\/\/lacronicadesevilla.es\/index.php\/wp-json\/wp\/v2\/categories?post=9651"},{"taxonomy":"post_tag","embeddable":true,"href":"https:\/\/lacronicadesevilla.es\/index.php\/wp-json\/wp\/v2\/tags?post=9651"}],"curies":[{"name":"wp","href":"https:\/\/api.w.org\/{rel}","templated":true}]}}