{"id":9811,"date":"2025-02-18T10:44:29","date_gmt":"2025-02-18T09:44:29","guid":{"rendered":"https:\/\/lacronicadesevilla.es\/?p=9811"},"modified":"2025-02-19T15:54:16","modified_gmt":"2025-02-19T14:54:16","slug":"nace-el-proyecto-laboratea-para-favorecer-la-inclusion-laboral-de-personas-autistas","status":"publish","type":"post","link":"https:\/\/lacronicadesevilla.es\/index.php\/2025\/02\/18\/nace-el-proyecto-laboratea-para-favorecer-la-inclusion-laboral-de-personas-autistas\/","title":{"rendered":"Nace el proyecto &#8216;LaboraTEA&#8217; para favorecer la inclusi\u00f3n laboral de personas autistas"},"content":{"rendered":"\n<p>La CR\u00d3NICA<\/p>\n\n\n\n<p>La C\u00e1tedra de Autismo de la <strong>Universidad de Sevilla<\/strong>, en colaboraci\u00f3n con <strong>Autismo Sevilla<\/strong> y con el apoyo de <strong>Fundaci\u00f3n Konecta<\/strong>, ha puesto en marcha <strong>LaboraTEA<\/strong>, un proyecto destinado a <strong>favorecer la inclusi\u00f3n laboral de personas autistas<\/strong>.<\/p>\n\n\n\n<!--more-->\n\n\n\n<p>El acceso al empleo es uno de los mayores desaf\u00edos a los que se enfrentan las &nbsp;personas autistas. A pesar de su formaci\u00f3n y talento, las tasas de desempleo en esta poblaci\u00f3n son significativamente m\u00e1s altas que en otros colectivos, debido a barreras como la falta de ajustes razonables en los procesos de selecci\u00f3n, la escasa sensibilizaci\u00f3n y la rigidez de ciertos entornos laborales. Sin embargo, diversas investigaciones y experiencias han demostrado que, con los &nbsp;apoyos adecuados, las personas autistas pueden desarrollar una carrera profesional &nbsp;exitosa y aportar valor a sus equipos de trabajo.&nbsp;<\/p>\n\n\n\n<p>En pos de revertir la situaci\u00f3n actual, ya ha comenzado a funcionar el proyecto\u00a0LaboraTEA, cuya primera actividad de esta iniciativa tuvo lugar en la Facultad de Psicolog\u00eda de la Universidad de Sevilla, en un encuentro con m\u00e1s de 20\u00a0empresas interesadas en conocer y aplicar estrategias para una mayor diversidad\u00a0en sus plantillas y mejorar la accesibilidad de los entornos de trabajo.\u00a0<\/p>\n\n\n\n<p>Durante la jornada, David Salda\u00f1a, director de la C\u00e1tedra, destac\u00f3 que \u201cel\u00a0 objetivo es proporcionar herramientas y formaci\u00f3n a\u00a0empresas interesadas en crear un entorno laboral m\u00e1s accesible y diverso. En las\u00a0 pr\u00f3ximas fases del proyecto, se llevar\u00e1n a cabo visitas y consultor\u00edas personalizadas\u00a0 a empresas para evaluar sus necesidades y ayudarles a implementar estrategias de\u00a0 inclusi\u00f3n efectivas\u201d.\u00a0<\/p>\n\n\n\n<p>Por su parte, Marcos Zamora, director general de Autismo Sevilla, ha manifestado la contribuci\u00f3n de las personas autistas en distintos sectores laborales, as\u00ed como las ventajas que su contrataci\u00f3n puede aportar a las empresas. Desde la Fundaci\u00f3n Konecta en Andaluc\u00eda, su coordinadora, Paloma G\u00f3mez, destac\u00f3 que uno de los objetivos de su organizaci\u00f3n es \u201cgenerar conocimiento, por ello, el proyecto incluye la elaboraci\u00f3n de una gu\u00eda de\u00a0empleo inclusivo para personas autistas, que recoger\u00e1 las mejores pr\u00e1cticas en este\u00a0 \u00e1mbito\u201d.\u00a0<\/p>\n\n\n\n<p>La iniciativa se enriquece de las <strong>aportaciones de profesionales autistas<\/strong>, a trav\u00e9s de sus experiencias en el mundo laboral y sus propuestas para desarrollar contextos de trabajo m\u00e1s inclusivos y accesibles.\u00a0<\/p>\n","protected":false},"excerpt":{"rendered":"<p>La CR\u00d3NICA La C\u00e1tedra de Autismo de la Universidad de Sevilla, en colaboraci\u00f3n con Autismo Sevilla y con el apoyo de Fundaci\u00f3n Konecta, ha puesto en marcha LaboraTEA, un proyecto destinado a favorecer la inclusi\u00f3n laboral de personas autistas. <a class=\"continue-reading-link\" href=\"https:\/\/lacronicadesevilla.es\/index.php\/2025\/02\/18\/nace-el-proyecto-laboratea-para-favorecer-la-inclusion-laboral-de-personas-autistas\/\"><\/a><\/p>\n","protected":false},"author":50,"featured_media":0,"comment_status":"closed","ping_status":"closed","sticky":false,"template":"","format":"standard","meta":{"footnotes":""},"categories":[10],"tags":[1421,1422,1423,171,361,18,168],"class_list":["post-9811","post","type-post","status-publish","format-standard","hentry","category-economia","tag-autismo","tag-autismo-sevilla","tag-autista","tag-empleo","tag-insercion-laboral","tag-sevilla","tag-trabajo"],"_links":{"self":[{"href":"https:\/\/lacronicadesevilla.es\/index.php\/wp-json\/wp\/v2\/posts\/9811","targetHints":{"allow":["GET"]}}],"collection":[{"href":"https:\/\/lacronicadesevilla.es\/index.php\/wp-json\/wp\/v2\/posts"}],"about":[{"href":"https:\/\/lacronicadesevilla.es\/index.php\/wp-json\/wp\/v2\/types\/post"}],"author":[{"embeddable":true,"href":"https:\/\/lacronicadesevilla.es\/index.php\/wp-json\/wp\/v2\/users\/50"}],"replies":[{"embeddable":true,"href":"https:\/\/lacronicadesevilla.es\/index.php\/wp-json\/wp\/v2\/comments?post=9811"}],"version-history":[{"count":6,"href":"https:\/\/lacronicadesevilla.es\/index.php\/wp-json\/wp\/v2\/posts\/9811\/revisions"}],"predecessor-version":[{"id":9817,"href":"https:\/\/lacronicadesevilla.es\/index.php\/wp-json\/wp\/v2\/posts\/9811\/revisions\/9817"}],"wp:attachment":[{"href":"https:\/\/lacronicadesevilla.es\/index.php\/wp-json\/wp\/v2\/media?parent=9811"}],"wp:term":[{"taxonomy":"category","embeddable":true,"href":"https:\/\/lacronicadesevilla.es\/index.php\/wp-json\/wp\/v2\/categories?post=9811"},{"taxonomy":"post_tag","embeddable":true,"href":"https:\/\/lacronicadesevilla.es\/index.php\/wp-json\/wp\/v2\/tags?post=9811"}],"curies":[{"name":"wp","href":"https:\/\/api.w.org\/{rel}","templated":true}]}}