{"id":9822,"date":"2025-02-19T12:44:43","date_gmt":"2025-02-19T11:44:43","guid":{"rendered":"https:\/\/lacronicadesevilla.es\/?p=9822"},"modified":"2025-03-25T09:21:09","modified_gmt":"2025-03-25T08:21:09","slug":"federico-garcia-lorca-regresa-a-nueva-york-con-flamenco-festival","status":"publish","type":"post","link":"https:\/\/lacronicadesevilla.es\/index.php\/2025\/02\/19\/federico-garcia-lorca-regresa-a-nueva-york-con-flamenco-festival\/","title":{"rendered":"Federico Garc\u00eda Lorca regresa a Nueva York con &#8216;Flamenco Festival&#8217;"},"content":{"rendered":"<div class=\"wp-block-image\">\n<figure class=\"aligncenter size-full\"><img loading=\"lazy\" decoding=\"async\" width=\"800\" height=\"449\" src=\"https:\/\/lacronicadesevilla.es\/wp-content\/uploads\/2025\/02\/eva-la-yerbaguena.jpg\" alt=\"\" class=\"wp-image-9826\" srcset=\"https:\/\/lacronicadesevilla.es\/wp-content\/uploads\/2025\/02\/eva-la-yerbaguena.jpg 800w, https:\/\/lacronicadesevilla.es\/wp-content\/uploads\/2025\/02\/eva-la-yerbaguena-300x168.jpg 300w, https:\/\/lacronicadesevilla.es\/wp-content\/uploads\/2025\/02\/eva-la-yerbaguena-768x431.jpg 768w, https:\/\/lacronicadesevilla.es\/wp-content\/uploads\/2025\/02\/eva-la-yerbaguena-624x350.jpg 624w, https:\/\/lacronicadesevilla.es\/wp-content\/uploads\/2025\/02\/eva-la-yerbaguena-150x84.jpg 150w\" sizes=\"auto, (max-width: 800px) 100vw, 800px\" \/><figcaption class=\"wp-element-caption\"><strong>Eva la Yerbabuena \/ Fotograf\u00eda: <\/strong>marcosGpunto<\/figcaption><\/figure>\n<\/div>\n\n\n<p>La CR\u00d3NICA<\/p>\n\n\n\n<p><strong>Este evento llevar\u00e1 a Estados Unidos, del 5 al 15 de marzo, 26 representaciones con un importante elenco de artistas del cante y el baile<\/strong><\/p>\n\n\n\n<!--more-->\n\n\n\n<p>Hace casi un siglo que el granadino m\u00e1s universal, <strong>Federico Garc\u00eda Lorca<\/strong>, viaj\u00f3 a la Gran Manzana para impartir unas conferencias. Era 1929 y aquella experiencia fue el germen de su <strong><em>Poeta en Nueva York<\/em><\/strong><em>. <\/em>Ahora, <strong>Flamenco Festival Nueva York <\/strong>evoca en su 24 edici\u00f3n este hito literario que protagoniz\u00f3 Lorca, el m\u00e1s flamenco de los llamados \u201cpoetas cultos\u201d.<\/p>\n\n\n\n<p>Con ese prop\u00f3sito, y con la colaboraci\u00f3n del Ayuntamiento y la Diputaci\u00f3n Provincial de Granada, Flamenco Festival llevar\u00e1 a Nueva York una <strong>delegaci\u00f3n formada por m\u00e1s de 70 participantes<\/strong>, entre artistas del cante, el baile y el toque, y t\u00e9cnicos, que dar\u00e1n cuenta, <strong>entre el 5 y el 15 de marzo,<\/strong> de la amplitud del fen\u00f3meno flamenco granadino, con propuestas que abarcan de lo m\u00e1s cl\u00e1sico a lo m\u00e1s experimental.&nbsp;<\/p>\n\n\n\n<p>As\u00ed lo dio a conocer durante su presentaci\u00f3n en rueda de prensa<strong> el director de la cita, Miguel Mar\u00edn<\/strong>, que estuvo acompa\u00f1ado por <strong>el director del Instituto Cervantes, Luis Garc\u00eda Montero<\/strong>; el presidente de la <strong>Diputaci\u00f3n Provincial de Granada<\/strong>,<strong> Francisco Pedro Rodr\u00edguez<\/strong>; y la<strong> alcaldesa de Granada, Marifr\u00e1n Carazo<\/strong>; as\u00ed como por buena parte de las compa\u00f1\u00edas y artistas programados, que se han dado cita en la sede madrile\u00f1a del Instituto Cervantes, entidad colaboradora del festival, para detallar la programaci\u00f3n de esta nueva edici\u00f3n que contar\u00e1 con el reclamo de grandes exponentes granadinos de este arte universal.<\/p>\n\n\n\n<p>El director de Flamenco Festival, Miguel Mar\u00edn, agradeci\u00f3 la complicidad del Ayuntamiento de Granada y de la Diputaci\u00f3n Provincial para llevar a cabo esta edici\u00f3n, haciendo hincapi\u00e9 en \u201cel crisol de talento flamenco de Granada, no solo por el inmenso legado de sus grandes maestros y la genialidad de sus int\u00e9rpretes, sino tambi\u00e9n por la riqueza y diversidad de su expresi\u00f3n art\u00edstica\u201d. \u201cEsta diversidad de miradas y estilos hace que el flamenco no solo conserve su esencia, sino que evolucione y se proyecte hacia el futuro con una fuerza imparable. Otra misi\u00f3n que ha estado en el ADN del festival desde sus comienzos ha sido que el flamenco forme parte de la programaci\u00f3n estable de los teatros m\u00e1s prestigiosos del mundo. Hoy, 24 a\u00f1os despu\u00e9s, seguimos consolidando y ampliando esa red de teatros colaboradores que consideran al festival como uno de los momentos \u00e1lgidos de su temporada\u201d. En este sentido, ha a\u00f1adido, \u201ceste a\u00f1o damos la bienvenida a tres nuevos escenarios como es el Repertorio Espa\u00f1ol y el Bronx Music Hall en Nueva York y el Bandshell en Miami\u201d.<\/p>\n\n\n<div class=\"wp-block-image\">\n<figure class=\"aligncenter size-full is-resized\"><img loading=\"lazy\" decoding=\"async\" width=\"500\" height=\"749\" src=\"https:\/\/lacronicadesevilla.es\/wp-content\/uploads\/2025\/02\/cartel-festival-ny.jpg\" alt=\"\" class=\"wp-image-9828\" style=\"width:396px;height:auto\" srcset=\"https:\/\/lacronicadesevilla.es\/wp-content\/uploads\/2025\/02\/cartel-festival-ny.jpg 500w, https:\/\/lacronicadesevilla.es\/wp-content\/uploads\/2025\/02\/cartel-festival-ny-200x300.jpg 200w, https:\/\/lacronicadesevilla.es\/wp-content\/uploads\/2025\/02\/cartel-festival-ny-234x350.jpg 234w, https:\/\/lacronicadesevilla.es\/wp-content\/uploads\/2025\/02\/cartel-festival-ny-100x150.jpg 100w\" sizes=\"auto, (max-width: 500px) 100vw, 500px\" \/><figcaption class=\"wp-element-caption\"><strong>Cartel de la 24 edici\u00f3n del festival<\/strong><\/figcaption><\/figure>\n<\/div>\n\n\n<p><\/p>\n\n\n\n<p>Por su parte, el director del Instituto Cervantes, Luis Garc\u00eda Montero, hizo referencia a la \u201cla importancia de reivindicar el peso nacional e internacional que tiene el flamenco en la cultura espa\u00f1ola\u201d, al tiempo que ha hecho menci\u00f3n al tributo a Granada de esta edici\u00f3n, \u201cpor su importancia como capital cultural y porque la historia de Granada y su literatura est\u00e1n estrechamente unidas al cante jondo\u201d. En este sentido, afirm\u00f3 que \u201ces un lujo para el Instituto Cervantes acoger un acto como este y colaborar con este festival\u201d que este a\u00f1o llevar\u00e1 a Nueva York a artistas \u201cque representan a nuestra cultura y que mantienen la herencia de Flamenco Festival\u201d, que inici\u00f3 su andadura en la ciudad en 2001.&nbsp;<\/p>\n\n\n\n<p>Durante su intervenci\u00f3n, el presidente de la Diputaci\u00f3n de Granada, Francisco Pedro Rodr\u00edguez, destac\u00f3 que \u201cla participaci\u00f3n de nuestra provincia en Flamenco Festival Nueva York es una muestra m\u00e1s del compromiso de la Diputaci\u00f3n con la cultura, especialmente con el legado de Federico Garc\u00eda Lorca, quien sigue siendo una fuente inagotable de inspiraci\u00f3n y un puente cultural entre Granada y el mundo. Este evento es tambi\u00e9n una apuesta decidida por el talento granadino y por el flamenco como se\u00f1a de identidad que trasciende fronteras, reafirmando nuestra tierra como cuna de grandes artistas y creadores\u201d.<\/p>\n\n\n\n<p>Y la alcaldesa de Granada, Marifr\u00e1n Carazo, se\u00f1al\u00f3 que \u00absi hay un lazo que une a Granada y Nueva York es, sin duda, Federico Garc\u00eda Lorca. No podemos hablar del flamenco sin hablar de la poes\u00eda, de la emoci\u00f3n, de la palabra convertida en m\u00fasica. <em>Poeta en Nueva York<\/em> fue un grito de libertad, que adem\u00e1s fusion\u00f3, renovando el concepto flamenco, nuestro gran Enrique Morente junto a Lagartija Nick y otros artistas. Un encuentro entre dos mundos que a\u00fan hoy resuena con fuerza. Y es precisamente esa fusi\u00f3n entre lo cl\u00e1sico y lo contempor\u00e1neo, entre la ra\u00edz y la vanguardia, la que define el esp\u00edritu de este festival y de nuestra ciudad\u201d.<\/p>\n\n\n\n<p>Figuras como <strong>Manuel Li\u00f1\u00e1n, Patricia Guerrero, Eva Yerbabuena, Sara Jim\u00e9nez, Alfonso Losa, Marina Heredia, Kiki Morente, El Turry, Juan Habichuela nieto, Carlos de Jacoba, La Plazuela o la compa\u00f1\u00eda Zen del Sur<\/strong> viajar\u00e1n a la otra orilla del Atl\u00e1ntico para protagonizar esta nueva edici\u00f3n del que es considerado como uno de los principales acontecimientos culturales del pa\u00eds en torno a la cultura espa\u00f1ola y el arte flamenco y volver a conquistar a un p\u00fablico que cada a\u00f1o respalda la cita siendo testigo de momentos \u00fanicos e irrepetibles que pasan a formar parte de la historia del festival.&nbsp;<\/p>\n\n\n\n<p>De este modo, Flamenco Festival Nueva York, que <strong><em>The New York Times<\/em> <\/strong>describe como \u201cuno de los principales eventos de danza de la ciudad\u201d, espera superar los 18.000 asistentes; una audiencia que podr\u00e1 disfrutar de las <strong>12 compa\u00f1\u00edas programadas en un total de 26 representaciones en 15 espacios de Nueva York, Chicago, Miami y San Francisco, <\/strong>con emplazamientos esc\u00e9nicos de la talla del <strong>New York City Center, Jazz at Lincoln Center o Kauffman Music Center\/Merkin Concert Hall, <\/strong>por citar algunos ejemplos de Nueva York. Las entradas y toda la informaci\u00f3n est\u00e1n disponibles en la <strong><a href=\"https:\/\/flamencofestival.org\/\" target=\"_blank\" rel=\"noreferrer noopener\">p\u00e1gina web del Festival.<\/a><\/strong><\/p>\n\n\n\n<p><strong>Cartel flamenco en la Gran Manzana<\/strong><br>Granada, de la mano de Lorca y de la delegaci\u00f3n de artistas que seguir\u00e1n sus pasos en Nueva York del 5 al 15 de marzo, ser\u00e1 la gran protagonista en esta edici\u00f3n de Flamenco Festival. La ciudad nazar\u00ed contin\u00faa siendo un hervidero de talento que ya ha dejado grandes nombres en la historia del flamenco. Es el caso del cantaor Enrique Morente, que recorri\u00f3 en varios trabajos el itinerario vital y creativo de Lorca y tambi\u00e9n visit\u00f3 la Gran Manzana de la mano de esta cita en dos ocasiones: en 2003, cuando present\u00f3 \u2018Omega\u2019; y en 2005, cuando ofreci\u00f3 un concierto acompa\u00f1ado a la guitarra por Tomatito en el Carnegie Hall.&nbsp;<\/p>\n\n\n\n<p>Dos d\u00e9cadas despu\u00e9s de esa visita, el benjam\u00edn de la saga, Kiki Morente, cruza el charco y toma el testigo de su padre. Le acompa\u00f1ar\u00e1n en la expedici\u00f3n un plantel de artistas de distintas generaciones y estilos del cante, el toque y el baile, abarcando desde el flamenco m\u00e1s cl\u00e1sico y heterodoxo a las propuestas m\u00e1s rupturistas.&nbsp;<\/p>\n\n\n\n<p>Varios de los artistas rendir\u00e1n homenaje a la genialidad de Lorca como granadino universal en la tierra que lo acogi\u00f3 con espect\u00e1culos que honrar\u00e1n su legado; un recuerdo que trascender\u00e1 al \u00e1mbito universitario a partir de una mesa-coloquio en la que tomar\u00e1n parte destacados expertos e investigadores.&nbsp;<\/p>\n\n\n\n<p>Ser\u00e1 precisamente la voz de <strong>Kiki Morente<\/strong>, acompa\u00f1ado a la guitarra por el tambi\u00e9n granadino <strong>Carlos de Jacoba<\/strong>, quien levante el tel\u00f3n de la 24 edici\u00f3n de Flamenco Festival Nueva York el 5 de marzo en el <strong>Elebash Recital Hall (CUNY Graduate Center)<\/strong>. Dos artistas unidos por una ciudad, la poes\u00eda y el flamenco que recogen en <strong>\u2018Lorquianos\u2019<\/strong> algunas adaptaciones del poemario de Lorca, musicalizadas por Enrique Morente en discos como \u2018Lorca\u2019 y \u2018Omega\u2019.&nbsp;<\/p>\n\n\n<div class=\"wp-block-image\">\n<figure class=\"aligncenter size-full\"><img loading=\"lazy\" decoding=\"async\" width=\"800\" height=\"404\" src=\"https:\/\/lacronicadesevilla.es\/wp-content\/uploads\/2025\/02\/alfonso-losa-patricia-guerrero.jpg\" alt=\"\" class=\"wp-image-9830\" srcset=\"https:\/\/lacronicadesevilla.es\/wp-content\/uploads\/2025\/02\/alfonso-losa-patricia-guerrero.jpg 800w, https:\/\/lacronicadesevilla.es\/wp-content\/uploads\/2025\/02\/alfonso-losa-patricia-guerrero-300x152.jpg 300w, https:\/\/lacronicadesevilla.es\/wp-content\/uploads\/2025\/02\/alfonso-losa-patricia-guerrero-768x388.jpg 768w, https:\/\/lacronicadesevilla.es\/wp-content\/uploads\/2025\/02\/alfonso-losa-patricia-guerrero-693x350.jpg 693w, https:\/\/lacronicadesevilla.es\/wp-content\/uploads\/2025\/02\/alfonso-losa-patricia-guerrero-150x76.jpg 150w\" sizes=\"auto, (max-width: 800px) 100vw, 800px\" \/><figcaption class=\"wp-element-caption\"><strong>Alfonso Losa y Patricia Guerrero interpretan la obra <em>Alter Ego<\/em><\/strong><\/figcaption><\/figure>\n<\/div>\n\n\n<p>Y de un mano a mano entre el toque y el cante a otro enfocado en la danza. El legendario <strong>New York City Center, <\/strong>teatro de estilo morisco, recibir\u00e1 el 6 de marzo a dos grandes nombres: <strong>Alfonso Losa, <\/strong>exponente de la escuela madrile\u00f1a de danza flamenca y Premio de la Cr\u00edtica del Festival de Jerez 2022;<strong> y Patricia Guerrero, <\/strong>Premio Nacional de Danza 2021 y directora del Ballet Flamenco de Andaluc\u00eda, se descubren a trav\u00e9s del baile en <strong>\u2018Alter ego\u2019<\/strong>, un juego entre dos individuos que investigan sus propios l\u00edmites a trav\u00e9s del baile. El espect\u00e1culo, que cuenta con la participaci\u00f3n de los cantaores Sandra Carrasco e Ismael de la Rosa \u2018El Bola\u2019 y del guitarrista Jos\u00e9 \u2018El Peli\u2019 llega a Flamenco Festival Nueva York tras alzarse con los premios del P\u00fablico y de la Cr\u00edtica en la pasada edici\u00f3n del Festival de Jerez.&nbsp;<\/p>\n\n\n\n<p>Adem\u00e1s de esta funci\u00f3n para el p\u00fablico general, y en su compromiso con la difusi\u00f3n del arte flamenco y la creaci\u00f3n de nuevos p\u00fablicos, el festival ha programado una representaci\u00f3n matinal para escolares enmarcada en la iniciativa <strong>NYPDF Flamenco for Young Audiences, <\/strong>que promueve el New York City Center con el objetivo de&nbsp; introducir a los estudiantes en la historia y la cultura del flamenco y exponerlos a su riqueza a trav\u00e9s de funciones matinales y programas en las escuelas consistentes en talleres y residencias.<\/p>\n\n\n\n<p>De esta manera, en la ma\u00f1ana del 5 de marzo, unos 2.000 escolares neoyorquinos de entre 8 y 12 a\u00f1os tendr\u00e1n la oportunidad de disfrutar de una versi\u00f3n reducida de \u2018Alter ego\u2019 habiendo recibido previamente, en clase, conocimientos en torno al flamenco para despertarles inter\u00e9s y curiosidad y present\u00e1ndolo como un arte cercano y f\u00e1cilmente reconocible que, posteriormente, podr\u00e1n conocer en vivo.&nbsp;&nbsp;<\/p>\n\n\n\n<p><strong>Residencias creativas <em>In Progress&nbsp;<\/em><\/strong><br>La obra &#8216;Alter Ego&#8217; se fragu\u00f3 en el programa de residencias art\u00edsticas y laboratorios de creaci\u00f3n <em>In Progress<\/em>: la gran bandera y apuesta de Flamenco Festival y del Ayuntamiento de Torrox (M\u00e1laga) por la creaci\u00f3n y desarrollo de nuevos proyectos que busca ampliar los horizontes creativos en el flamenco y propiciar un espacio para la indagaci\u00f3n, la experimentaci\u00f3n y la reflexi\u00f3n sobre temas de relevancia social, as\u00ed como ofrecer las condiciones t\u00e9cnicas id\u00f3neas y la asesor\u00eda necesaria para que dichos proyectos puedan desarrollarse; entendiendo el arte como una herramienta de transformaci\u00f3n individual y colectiva y de permanente di\u00e1logo entre diversas disciplinas y distintas tradiciones culturales.&nbsp;<\/p>\n\n\n\n<p>Es el caso tambi\u00e9n de otro de los trabajos que podr\u00e1 verse en esta cita. <strong>\u2018Muerta de Amor\u2019,<\/strong> del granadino <strong>Manuel Li\u00f1\u00e1n<\/strong>, Premio Nacional de Danza 2017, fue uno de los proyectos seleccionados en la convocatoria 2023 de In Progress. Estrenado con gran \u00e9xito de cr\u00edtica y p\u00fablico en los Teatros del Canal de Madrid, el espect\u00e1culo llega a Nueva York para subir al escenario del New York City Center el 7 de marzo. Con 12 artistas en escena, Li\u00f1\u00e1n guiar\u00e1 al p\u00fablico por un viaje coreogr\u00e1fico que, aunque con car\u00e1cter de copla, apunta a diferentes atm\u00f3sferas: el deseo, la fantas\u00eda, la provocaci\u00f3n\u2026&nbsp;<\/p>\n\n\n\n<p>El cante de Juan de la Mar\u00eda y el acompa\u00f1amiento musical de Francisco Vinuesa (guitarra), V\u00edctor Guadiana (instrumentos) y Javier Teruel (percusi\u00f3n) crean el espacio sonoro en el que se desarrolla esta celebraci\u00f3n del amor y de la vida donde todos cantan y bailan.&nbsp;<\/p>\n\n\n\n<p>Turno tambi\u00e9n para el cante el 7 de marzo en <strong>Roulette. <\/strong>El cantaor granadino <strong>Antonio G\u00f3mez \u2018El Turry<\/strong>\u2019 propone en <strong>\u2018La b\u00fasqueda del duende\u2019 <\/strong>un viaje hacia el alma del flamenco, explorando la esencia de eso que llaman duende; esa fuerza misteriosa y m\u00e1gica que impregna el flamenco de emoci\u00f3n y autenticidad. En esta traves\u00eda imprescindible para los amantes del arte jondo y la poes\u00eda flamenca, El Turry recorre los paisajes sonoros que habitan en el coraz\u00f3n de Granada y el alma de Lorca entrelazando tradici\u00f3n y modernidad.&nbsp;<\/p>\n\n\n\n<p>Tampoco faltar\u00e1 a esta cita la multipremiada <strong>Eva Yerbabuena<\/strong>, que dio sus primeros pasos de baile y cre\u00f3 su escuela en Granada. Acad\u00e9mica de Honor de la Academia de las Artes Esc\u00e9nicas de Espa\u00f1a y reconocida con el Premio Nacional de Danza 2001 y la Medalla de Oro al M\u00e9rito de las Bellas Artes 2017, entre otros galardones, Yerbabuena subir\u00e1 a las tablas del New York City Center los d\u00edas 8 y 9 de marzo con&nbsp;<strong>\u2018Yerbag\u00fcena (oscuro brillante)\u2019<\/strong>, su decimonoveno espect\u00e1culo. Se trata de una pieza en la que da cuenta de su singularidad y su versatilidad, apelando a la dualidad como forma expresiva y reflexiva. La artista, uno de los grandes nombres de la danza flamenca de las \u00faltimas d\u00e9cadas, se mueve en esta propuesta entre la rigidez m\u00e1s absoluta y la flexibilidad m\u00e1s rotunda, entre la quietud y el movimiento, la luz y la oscuridad, el canto y la danza, el clasicismo y la vanguardia, la artesan\u00eda y la tecnolog\u00eda\u2026<\/p>\n\n\n\n<p>Para ello, se acompa\u00f1a de la guitarra de Paco Jarana; el cante de Miguel Ortega, Manuel de Gin\u00e9s, El Turry y Ezequiel Montoya; el baile y las palmas de Jos\u00e9 Manuel Ramos \u2018El Oruco\u2019; y la percusi\u00f3n y m\u00fasica electr\u00f3nica de Dani Su\u00e1rez.&nbsp;<\/p>\n\n\n\n<p>Nieto del legendario guitarrista Juan Habichuela y con una habilidad excepcional para fusionar la tradici\u00f3n flamenca con toques contempor\u00e1neos, el tocaor tambi\u00e9n llamado <strong>Juan Habichuela <\/strong>subir\u00e1 a las tablas del <strong>Joe\u2019s Pub <\/strong>del m\u00edtico <strong>The Public Theater <\/strong>el 8 de marzo sus <strong>\u20188 abrazos para Lorca\u2019, <\/strong>el coproducci\u00f3n con el Instituto Cervantes. A trav\u00e9s de ocho evocadores movimientos musicales, el guitarrista rendir\u00e1 su particular homenaje a la herencia atemporal de Lorca creando un tapiz sonoro de memoria y cultura entre sus cuerdas y los versos del poeta.&nbsp;<\/p>\n\n\n\n<p>Ya en la segunda semana del festival, flamenco y jazz vuelven a fundirse en un eterno abrazo musical. Ser\u00e1 en una doble cita el 12 de marzo, en el <strong>Jazz At Lincoln Center,<\/strong> que tendr\u00e1 como maestros de ceremonias al guitarrista <strong>Carlos de Jacoba<\/strong> y al pianista y compositor estadounidense <strong>Zaccai Curtis<\/strong>, ganador del Grammy 2025 al Mejor \u00c1lbum de Jazz Latino. <strong>\u2018Flamenco meets jazz\u2019<\/strong> es el t\u00edtulo de este recital en el que ambos m\u00fasicos contar\u00e1n con Juan Carmona a la percusi\u00f3n.&nbsp;<\/p>\n\n\n\n<p>El segundo de los espect\u00e1culos que acoger\u00e1 Joe\u2019s Pub llegar\u00e1 el 13 de marzo, tambi\u00e9n en coproducci\u00f3n con el Instituto Cervantes, de la mano de la bailaora granadina <strong>Sara Jim\u00e9nez<\/strong>; artista seleccionada en dos ocasiones en las convocatorias de las residencias creativas In Progress con los proyectos \u2018Adioses\u2019 y \u2018Ave de plata\u2019. Ahora, debuta con trabajo propio en Flamenco Festival Nueva York: <strong>\u2018Variaci\u00f3n a tempo\u2019;<\/strong> una pieza en torno a la b\u00fasqueda del instante, esa forma inasible y mutante del tiempo que parte de la idea original de la propia artista y de Pablo Gim\u00e9nez, encargado tambi\u00e9n de la direcci\u00f3n musical y acompa\u00f1ante de Jim\u00e9nez, a la guitarra, sobre el escenario.&nbsp;&nbsp;<\/p>\n\n\n\n<p>Una jornada despu\u00e9s, el 14 de marzo, la voz de <strong>Marina Heredia<\/strong>, c\u00e9lebre por sus poderosas y emotivas interpretaciones, inundar\u00e1 <strong>Merkin Concert Hall <\/strong>(Kaufman Music Center) en su sentido recuerdo a su paisano Federico Garc\u00eda Lorca, a quien ha cantado en anteriores ocasiones. En <strong>\u2018De lo jondo a Lorca\u2019<\/strong> incluye una selecci\u00f3n de poemas y canciones que el poeta inmortaliz\u00f3 en sus obras, fusionando la intensidad del flamenco con el lirismo po\u00e9tico del autor. Acompa\u00f1ada por su inseparable guitarrista Jos\u00e9 Quevedo \u2018Bolita\u2019, Heredia conducir\u00e1 al p\u00fablico a las ra\u00edces m\u00e1s profundas de la cultura andaluza, reviviendo el legado del poeta granadino con cada nota y cada verso.<\/p>\n\n\n\n<p>El broche a esta edici\u00f3n de Flamenco Festival Nueva York lo pondr\u00e1<strong> La Plazuela,<\/strong> punta de lanza del flamenco m\u00e1s experimental con sello granadino. El d\u00fao formado por Manuel Hidalgo Sierra (El Indio) y Luis Abril Mart\u00edn (El Nitro) dar\u00e1 buena cuenta de su innovador sonido, que se nutre sus ra\u00edces andaluzas y flamencas y empuja el g\u00e9nero hacia nuevos territorios, la noche del 15 de marzo en <strong>Le Poisson Rouge<\/strong>. All\u00ed, en su puesta de largo ante el p\u00fablico americano, presentar\u00e1n <strong>\u2018Roneo Funk Club\u2019,<\/strong> su primer \u00e1lbum, una muestra de su fusi\u00f3n \u00fanica de ritmos flamencos tradicionales con la electr\u00f3nica y el nu funk.<\/p>\n\n\n\n<p>Precisamente, La Plazuela es uno de los proyectos que debutan en la Gran Manzana. Y es que otra de las misiones fundamentales del festival desde sus inicios es impulsar el acercamiento al p\u00fablico de los nuevos artistas y brindarles la oportunidad de estrenarse en los escenarios de Nueva York. En esta edici\u00f3n,&nbsp;ocho de las 12 compa\u00f1\u00edas participantes, presentar\u00e1n su trabajo propio por primera vez en esta ciudad. Adem\u00e1s de La Plazuela, es el caso de Patricia Guerrero, Alfonso Losa, El Turry, Zen del Sur y Sara Jim\u00e9nez.&nbsp;<\/p>\n\n\n\n<p><strong>Nuevas disciplinas esc\u00e9nicas<\/strong><br>Como novedad en esta edici\u00f3n, Flamenco Festival se abre a nuevas disciplinas esc\u00e9nicas. Los l\u00edmites entre estas se desdibujan para dar cabida en la programaci\u00f3n a la novedosa propuesta de la compa\u00f1\u00eda <strong>Zen del Sur, <\/strong>afincada en Granada y reconocida a nivel internacional por su labor de exploraci\u00f3n de nuevos caminos esc\u00e9nicos en los que la danza, el circo y la m\u00fasica en directo se dan la mano.&nbsp;<\/p>\n\n\n<div class=\"wp-block-image\">\n<figure class=\"aligncenter size-full is-resized\"><img loading=\"lazy\" decoding=\"async\" width=\"800\" height=\"430\" src=\"https:\/\/lacronicadesevilla.es\/wp-content\/uploads\/2025\/02\/zen-del-sur.jpg\" alt=\"\" class=\"wp-image-9831\" style=\"width:800px;height:auto\" srcset=\"https:\/\/lacronicadesevilla.es\/wp-content\/uploads\/2025\/02\/zen-del-sur.jpg 800w, https:\/\/lacronicadesevilla.es\/wp-content\/uploads\/2025\/02\/zen-del-sur-300x161.jpg 300w, https:\/\/lacronicadesevilla.es\/wp-content\/uploads\/2025\/02\/zen-del-sur-768x413.jpg 768w, https:\/\/lacronicadesevilla.es\/wp-content\/uploads\/2025\/02\/zen-del-sur-651x350.jpg 651w, https:\/\/lacronicadesevilla.es\/wp-content\/uploads\/2025\/02\/zen-del-sur-150x81.jpg 150w\" sizes=\"auto, (max-width: 800px) 100vw, 800px\" \/><figcaption class=\"wp-element-caption\"><strong>Momento de una actuaci\u00f3n de Zen del Sur \/ Fotograf\u00eda: <\/strong>Tomoyuki Hotta Photography<\/figcaption><\/figure>\n<\/div>\n\n\n<p>Con la coproducci\u00f3n del Instituto Cervantes,<strong> NYU King Juan Carlos I Spain Center<\/strong> acoger\u00e1 el 11 de marzo la actuaci\u00f3n de Carlos L\u00f3pez y Noem\u00ed Pareja, componentes de Zen del Sur, que pondr\u00e1n en escena <strong>\u2018\u00d3rbita\u2019, <\/strong>una propuesta en la que ambos interaccionan a trav\u00e9s de diferentes lenguajes contempor\u00e1neos de movimiento, elementos de circo y la m\u00fasica en vivo. Todo ello bajo la atracci\u00f3n gravitatoria de sus ra\u00edces: C\u00e1diz, el mar y el arte.&nbsp;<\/p>\n\n\n\n<p>La composici\u00f3n musical parte de un trabajo de investigaci\u00f3n con diversos palos flamencos, la influencia de la m\u00fasica cl\u00e1sica y estilos musicales tradicionales procedentes de otras culturas, empleando para ello piano, guitarra espa\u00f1ola, instrumentos de percusi\u00f3n, aparatos electr\u00f3nicos e instrumentos folcl\u00f3ricos de la pen\u00ednsula ib\u00e9rica.&nbsp;&nbsp;<\/p>\n\n\n\n<p>Por \u00faltimo, siendo Federico Garc\u00eda Lorca uno de los protagonistas de esta edici\u00f3n, Flamenco Festival Nueva York se abre tambi\u00e9n al teatro programando la \u00faltima obra escrita por el autor: <strong>\u2018La casa de Bernarda Alba\u2019<\/strong>, que representar\u00e1 en su teatro la compa\u00f1\u00eda afincada en el coraz\u00f3n de la ciudad de los rascacielos <strong>Repertorio Espa\u00f1ol<\/strong> -dedicada a mostrar lo mejor del teatro en espa\u00f1ol, tanto de autores hispanos de Estados Unidos como latinoamericanos y de habla hispana- en una \u00fanica funci\u00f3n el 12 de marzo. Tensiones, pasiones ocultas, enga\u00f1os y tr\u00e1gicas consecuencias son los ingredientes de esta obra en la que Lorca retrat\u00f3 la Espa\u00f1a profunda de principios del siglo XX cerrando con ella la llamada trilog\u00eda de la tragedia, formada tambi\u00e9n por \u2018Bodas de sangre\u2019 y \u2018Yerma\u2019.&nbsp;<\/p>\n\n\n\n<p><strong>M\u00e1s all\u00e1 de los escenarios<\/strong><br>Como es habitual, Flamenco Festival Nueva York lleva al flamenco m\u00e1s all\u00e1 de los escenarios, desarrollando otros eventos significativos que enriquecer\u00e1n la experiencia de la cita en la ciudad. En este sentido, la programaci\u00f3n da cabida al \u00e1mbito acad\u00e9mico a trav\u00e9s de un simposio que analizar\u00e1 el impacto que tuvieron en la obra de Lorca los artistas afroamericanos que el poeta conoci\u00f3 en Harlem. La mesa redonda titulada <strong>\u2018Federico Garc\u00eda Lorca, el flamenco y el Renacimiento de Harlem\u2019 <\/strong>reunir\u00e1 el 5 de marzo en el <strong>Skylight Room <\/strong>(CUNY Graduate Center)a expertos como la investigadora de la historia de la afrodi\u00e1spora <strong>Sybil Cooksey<\/strong>; la int\u00e9rprete de flamenco, core\u00f3grafa, profesora y acad\u00e9mica <strong>K. Meira Goldberg<\/strong>; el autor de numerosos libros sobre Lorca <strong>Jos\u00e9 Javier Le\u00f3n; <\/strong>y la profesora de la Universidad de Yale <strong>No\u00ebl Valis<\/strong>, quien ha escrito sobre cuestiones como la literatura, la cultura y la historia de la Espa\u00f1a moderna y la Guerra Civil espa\u00f1ola.<\/p>\n\n\n\n<p>A ello se suman dos proyecciones cinematogr\u00e1ficas que acoger\u00e1 la sede del Instituto Cervantes en Nueva York los d\u00edas 7 y 13 de marzo. Ambas ponen el foco en Granada como territorio flamenco. <strong>\u2018Cante Jondo: Granada 1922\u2019<\/strong>, dirigido por Jos\u00e9 S\u00e1nchez Montes, es el primero de los t\u00edtulos que se exhibir\u00e1; un documental que mezcla animaci\u00f3n e imagen real para recrear el Concurso de Cante Jondo de 1922 que organizaron Manuel de Falla y Federico Garc\u00eda Lorca y, tras cuya proyecci\u00f3n, se celebrar\u00e1 un coloquio con la participaci\u00f3n de Eva Yerbabuena. <strong>\u2018Sacromonte, los sabios de la tribu\u2019,<\/strong> de la directora Chus Guti\u00e9rrez, es el segundo de los largometrajes, y narra la historia de este tradicional barrio gitano granadino con el fin de recuperar la memoria de los miembros de la comunidad flamenca m\u00e1s importante del mundo a trav\u00e9s de los testimonios de algunos de sus vecinos. Tambi\u00e9n en esta ocasi\u00f3n seguir\u00e1 a la proyecci\u00f3n un coloquio, que contar\u00e1 con Marina Heredia como participante.&nbsp;<\/p>\n\n\n\n<p>Por \u00faltimo, lo jondo se extender\u00e1 tambi\u00e9n a espacios de comunidad, concretamente, a <strong>El Rinc\u00f3n Criollo<\/strong>, en el barrio del Bronx. En este punto de encuentro de la comunidad puertorrique\u00f1a en la Gran Manzana tendr\u00e1 lugar, tras la experiencia de la edici\u00f3n anterior, una <strong>cajoneada <\/strong>que dirigir\u00e1n los componentes de Zen del Sur el 9 de marzo.&nbsp;<\/p>\n\n\n\n<p><strong>Tambi\u00e9n en Miami, Chicago y San Francisco<\/strong><br>Aunque Nueva York es la sede central de <strong>Flamenco Festival,<\/strong> el evento se expande a otras localizaciones norteamericanas. Es el caso de la ciudad costera de Miami, que levantar\u00e1 el tel\u00f3n del <strong>Arsh Center\/Knight Concert Hall <\/strong>para recibir a varios de los artistas que pasar\u00e1n tambi\u00e9n por los escenarios de Nueva York, otorgando un protagonismo especial al baile y comenzando por <strong>Manuel Li\u00f1\u00e1n<\/strong>, que presentar\u00e1 <strong>\u2018Muerta de Amor\u2019 <\/strong>el 5 marzo.&nbsp;<\/p>\n\n\n\n<p>Solo una jornada despu\u00e9s, el 6 de marzo, <strong>Eva Yerbabuena <\/strong>recalar\u00e1 en ese mismo espacio con <strong>\u2018Yerbag\u00fcena (oscuro brillante)\u2019 <\/strong>y, ya el d\u00eda 9, <strong>Alfonso Losa y Patricia Guerrero <\/strong>har\u00e1n lo propio con <strong>\u2018Alter ego\u2019<\/strong> para cerrar, el d\u00eda 13, con el espect\u00e1culo que tambi\u00e9n pondr\u00e1 el broche en Nueva York: la mezcla de flamenco, funk, pop y electr\u00f3nica de <strong>La Plazuela<\/strong> y su <strong>\u2018Roneo Funk Club\u2019 <\/strong>llegar\u00e1 al <strong>Miami Beach Bandshell.&nbsp;<\/strong><\/p>\n\n\n\n<p>Chicago ser\u00e1 otra de las localizaciones de esta 24 edici\u00f3n. El Instituto Cervantes ha organizado en su sede en esta ciudad un total de cinco representaciones de otras de las propuestas que podr\u00e1n verse en Nueva York. En este caso, la compa\u00f1\u00eda <strong>Zen del Sur<\/strong> ofrecer\u00e1 dos funciones del viaje on\u00edrico de<strong> \u2018\u00d3rbita\u2019<\/strong> los d\u00edas 7 y 8 de marzo, mientras que el d\u00eda 9, <strong>Juan Habichuela nieto <\/strong>aterrizar\u00e1 en este escenario con su toque en <strong>\u20188 abrazos para Lorca\u2019<\/strong>. Las \u00faltimas actuaciones previstas en Chicago ser\u00e1n las funciones de<strong> \u2018Variaci\u00f3n a tempo\u2019<\/strong> que brindar\u00e1 <strong>Sara Jim\u00e9nez<\/strong> los d\u00edas 14 y 15 de marzo.&nbsp;<\/p>\n\n\n\n<p>Ya en la costa oeste de Estados Unidos, San Francisco ser\u00e1 la \u00faltima de las ciudades sat\u00e9lite de esta edici\u00f3n de Flamenco Festival. Hasta all\u00ed llegar\u00e1n el d\u00fao formado por <strong>Kiki Morente y Carlos de Jacoba<\/strong> el 7 de marzo, concretamente a <strong>Sierra 2 Center for the Arts<\/strong>, donde la voz del \u00faltimo eslab\u00f3n de la saga Morente y las cuerdas de De Jacoba reinterpretar\u00e1n en <strong>\u2018Lorquianos\u2019<\/strong> algunas adaptaciones del poemario de Lorca que ya fueron musicalizadas por Enrique Morente.<\/p>\n","protected":false},"excerpt":{"rendered":"<p>La CR\u00d3NICA Este evento llevar\u00e1 a Estados Unidos, del 5 al 15 de marzo, 26 representaciones con un importante elenco de artistas del cante y el baile <a class=\"continue-reading-link\" href=\"https:\/\/lacronicadesevilla.es\/index.php\/2025\/02\/19\/federico-garcia-lorca-regresa-a-nueva-york-con-flamenco-festival\/\"><\/a><\/p>\n","protected":false},"author":50,"featured_media":0,"comment_status":"closed","ping_status":"closed","sticky":false,"template":"","format":"standard","meta":{"footnotes":""},"categories":[12],"tags":[1428,1427,241,774,1426,1425,1024,1424,98,1429],"class_list":["post-9822","post","type-post","status-publish","format-standard","hentry","category-cultura","tag-baile","tag-cante","tag-festival","tag-flamenco","tag-grranada","tag-lorca","tag-marzo","tag-miami","tag-nueva-york","tag-toque"],"_links":{"self":[{"href":"https:\/\/lacronicadesevilla.es\/index.php\/wp-json\/wp\/v2\/posts\/9822","targetHints":{"allow":["GET"]}}],"collection":[{"href":"https:\/\/lacronicadesevilla.es\/index.php\/wp-json\/wp\/v2\/posts"}],"about":[{"href":"https:\/\/lacronicadesevilla.es\/index.php\/wp-json\/wp\/v2\/types\/post"}],"author":[{"embeddable":true,"href":"https:\/\/lacronicadesevilla.es\/index.php\/wp-json\/wp\/v2\/users\/50"}],"replies":[{"embeddable":true,"href":"https:\/\/lacronicadesevilla.es\/index.php\/wp-json\/wp\/v2\/comments?post=9822"}],"version-history":[{"count":21,"href":"https:\/\/lacronicadesevilla.es\/index.php\/wp-json\/wp\/v2\/posts\/9822\/revisions"}],"predecessor-version":[{"id":10165,"href":"https:\/\/lacronicadesevilla.es\/index.php\/wp-json\/wp\/v2\/posts\/9822\/revisions\/10165"}],"wp:attachment":[{"href":"https:\/\/lacronicadesevilla.es\/index.php\/wp-json\/wp\/v2\/media?parent=9822"}],"wp:term":[{"taxonomy":"category","embeddable":true,"href":"https:\/\/lacronicadesevilla.es\/index.php\/wp-json\/wp\/v2\/categories?post=9822"},{"taxonomy":"post_tag","embeddable":true,"href":"https:\/\/lacronicadesevilla.es\/index.php\/wp-json\/wp\/v2\/tags?post=9822"}],"curies":[{"name":"wp","href":"https:\/\/api.w.org\/{rel}","templated":true}]}}